{"id":26896,"date":"2024-04-23T07:10:52","date_gmt":"2024-04-23T05:10:52","guid":{"rendered":"https:\/\/www.kle-blatt.de\/blog\/?p=26896"},"modified":"2024-03-09T11:50:12","modified_gmt":"2024-03-09T09:50:12","slug":"hast-du-hier-jemals-eingekauft","status":"publish","type":"post","link":"https:\/\/www.kle-blatt.de\/blog\/kleve-in-foto-video\/aus-dem-privatalbum\/hast-du-hier-jemals-eingekauft.html","title":{"rendered":"Hast Du hier jemals eingekauft?"},"content":{"rendered":"<p><strong>Hast Du hier jemals eingekauft?<\/strong><\/p>\n<p>Wer kann sich noch an einen &#8222;Tante-Emma-Laden&#8220; erinnern? Hier wurde man noch f\u00fcr die Artikel des t\u00e4glichen Gebrauchs im Lebensmittelbereich pers\u00f6nlich beraten und bedient. Heute kaum noch vorstellbar. Da kennt man es nur noch bei Brot, Fleisch und K\u00e4se.<br \/>\nWir sehen hier hinter der l\u00e4chelnden Inhaberin Katharina van Berkum bekannte und heutzutage weniger bekannte Marken und Verpackungen.<br \/>\nZum Beispiel Kondensmilch von Gl\u00fccksklee und B\u00e4renmarke oder dar\u00fcber den Brandt Zwieback, Diamant Mehl etc.<br \/>\nIn der Theke erkennen wir noch Biskin und Palmin, Mayonnaisen von Appel und Kraft, Schmelzk\u00e4se, sowie rechts davon Treets und Bounty.<br \/>\nWer erkennt noch mehr in diesem kleinen Laden, der sich auf der damaligen Kreuzhofstra\u00dfe in Kellen befand?<\/p>\n<p><a href=\"https:\/\/www.kle-blatt.de\/blog\/wp-content\/uploads\/2020\/03\/centra-van-berkum.jpg\"><img loading=\"lazy\" decoding=\"async\" class=\"size-full wp-image-26897 aligncenter\" src=\"https:\/\/www.kle-blatt.de\/blog\/wp-content\/uploads\/2020\/03\/centra-van-berkum.jpg\" alt=\"Hast Du hier jemals eingekauft?\" width=\"850\" height=\"850\" srcset=\"https:\/\/www.kle-blatt.de\/blog\/wp-content\/uploads\/2020\/03\/centra-van-berkum.jpg?v=1585131130 850w, https:\/\/www.kle-blatt.de\/blog\/wp-content\/uploads\/2020\/03\/centra-van-berkum-300x300.jpg?v=1585131130 300w, https:\/\/www.kle-blatt.de\/blog\/wp-content\/uploads\/2020\/03\/centra-van-berkum-150x150.jpg?v=1585131130 150w, https:\/\/www.kle-blatt.de\/blog\/wp-content\/uploads\/2020\/03\/centra-van-berkum-768x768.jpg?v=1585131130 768w, https:\/\/www.kle-blatt.de\/blog\/wp-content\/uploads\/2020\/03\/centra-van-berkum-90x90.jpg?v=1585131130 90w, https:\/\/www.kle-blatt.de\/blog\/wp-content\/uploads\/2020\/03\/centra-van-berkum-75x75.jpg?v=1585131130 75w\" sizes=\"auto, (max-width: 850px) 100vw, 850px\" \/><\/a><\/p>\n","protected":false},"excerpt":{"rendered":"<p>Hast Du hier jemals eingekauft? Wer kann sich noch an einen &#8222;Tante-Emma-Laden&#8220; erinnern? Hier wurde man noch f\u00fcr die Artikel &hellip; <a href=\"https:\/\/www.kle-blatt.de\/blog\/kleve-in-foto-video\/aus-dem-privatalbum\/hast-du-hier-jemals-eingekauft.html\" class=\"more-link\"><span class=\"more-button\">Weiterlesen<span class=\"screen-reader-text\">Hast Du hier jemals eingekauft?<\/span><\/span><\/a><\/p>\n","protected":false},"author":2,"featured_media":26897,"comment_status":"closed","ping_status":"closed","sticky":false,"template":"","format":"standard","meta":{"footnotes":""},"categories":[20],"tags":[5332],"class_list":["post-26896","post","type-post","status-publish","format-standard","has-post-thumbnail","hentry","category-aus-dem-privatalbum","tag-hast-du-hier-jemals-eingekauft"],"_links":{"self":[{"href":"https:\/\/www.kle-blatt.de\/blog\/wp-json\/wp\/v2\/posts\/26896","targetHints":{"allow":["GET"]}}],"collection":[{"href":"https:\/\/www.kle-blatt.de\/blog\/wp-json\/wp\/v2\/posts"}],"about":[{"href":"https:\/\/www.kle-blatt.de\/blog\/wp-json\/wp\/v2\/types\/post"}],"author":[{"embeddable":true,"href":"https:\/\/www.kle-blatt.de\/blog\/wp-json\/wp\/v2\/users\/2"}],"replies":[{"embeddable":true,"href":"https:\/\/www.kle-blatt.de\/blog\/wp-json\/wp\/v2\/comments?post=26896"}],"version-history":[{"count":2,"href":"https:\/\/www.kle-blatt.de\/blog\/wp-json\/wp\/v2\/posts\/26896\/revisions"}],"predecessor-version":[{"id":33601,"href":"https:\/\/www.kle-blatt.de\/blog\/wp-json\/wp\/v2\/posts\/26896\/revisions\/33601"}],"wp:featuredmedia":[{"embeddable":true,"href":"https:\/\/www.kle-blatt.de\/blog\/wp-json\/wp\/v2\/media\/26897"}],"wp:attachment":[{"href":"https:\/\/www.kle-blatt.de\/blog\/wp-json\/wp\/v2\/media?parent=26896"}],"wp:term":[{"taxonomy":"category","embeddable":true,"href":"https:\/\/www.kle-blatt.de\/blog\/wp-json\/wp\/v2\/categories?post=26896"},{"taxonomy":"post_tag","embeddable":true,"href":"https:\/\/www.kle-blatt.de\/blog\/wp-json\/wp\/v2\/tags?post=26896"}],"curies":[{"name":"wp","href":"https:\/\/api.w.org\/{rel}","templated":true}]}}