{"id":27469,"date":"2020-07-21T07:00:08","date_gmt":"2020-07-21T05:00:08","guid":{"rendered":"https:\/\/www.kle-blatt.de\/blog\/?p=27469"},"modified":"2020-07-20T09:34:05","modified_gmt":"2020-07-20T07:34:05","slug":"musste-sehen-urlaubsfeeling-in-der-kavarinerstrasse","status":"publish","type":"post","link":"https:\/\/www.kle-blatt.de\/blog\/allgemein\/musste-sehen-urlaubsfeeling-in-der-kavarinerstrasse.html","title":{"rendered":"Musste sehen: Urlaubsfeeling in der Kavarinerstra\u00dfe"},"content":{"rendered":"<p><strong>Musste sehen: Urlaubsfeeling in der Kavarinerstra\u00dfe<\/strong><\/p>\n<p>In diesem vom Corona Virus bestimmten Sommer 2020 ist alles anders.<br \/>\nDeshalb wollen die H\u00e4ndler in der Kavarinerstra\u00dfe das Urlaubsgef\u00fchl in die Kavarinerstra\u00dfe bringen.<br \/>\n\u201eWenn wir schon nicht so verreisen k\u00f6nnen wie wir es gerne wollen, sollen zumindest unsere Schaufenster Lust auf Urlaub machen.\u201c so Dorothee Sanders vom Organisationsteam. Sie bringt italienisches Flair in ihre Geschenkgalerie Sanders, passend zum Sortiment.<br \/>\nViele H\u00e4ndler hat bei der Schaffung von Urlaubsfeeling das Fernweh gepackt.<br \/>\nSo entf\u00fchrt einen Hutmoden Dreis zumindest mit der Dekoration nach Australien, die Schokoladenmacherei l\u00e4dt ein nach Ecuador, Yay \u2013 Living nach Mexiko und das Modehaus Mensing nach Afrika.<br \/>\nGaby Kreusch von Yarn Design pr\u00e4sentiert in ihren Schaufenstern direkt mehrere Reiseziele; China, Japan, die Schweiz und Italien. Sie hat ein \u201eyarnsushibufett\u201c mit japanischen Garnen gestaltet und eine italienische \u201eantipastiyarnplatte\u201c.<\/p>\n<p>Das Land Italien ist sehr beliebt bei den H\u00e4ndlern in der Kavarinerstrasse. So findet man italienische Atmosph\u00e4re auch bei Bosmann Lederwaren, bei Biggi\u2018s Mode Welt, bei Oil &amp; Vinegar und im Einrichtungshaus Rexing, wo abgesehen davon auch franz\u00f6sisches Design pr\u00e4sentiert wird.<br \/>\nAuch Verfondern Schuhhaus Fu\u00dforthop\u00e4die pr\u00e4sentiert Frankreich, genauer gesagt den nordwestlichen Teil davon, die Bretagne.<br \/>\nDer Teeladen \u201emittendrin Anne vB\u201c pr\u00e4sentiert D\u00e4nemark, das Modegesch\u00e4ft Magnolia pr\u00e4sentiert die Niederlande, das Stadt-Cafe Conditorei Wanders versetzt uns an die Nordseek\u00fcste, Jana Katrin vom Fotostudio Peschges pr\u00e4sentiert ihr pers\u00f6nliches \u201eSchlaraffenland\u201c und Janine van Lier von Linea E lockt nach \u201eBalkonien\u201c.<\/p>\n<p>\u201eIch freue mich, dass so viele H\u00e4ndler in der Kavarinerstrasse spontan zugesagt haben, Urlaubsfeeling in ihre Gesch\u00e4fte zu bringen\u201c, so Innenarchitektin Susanne Rexing vom Organisationsteam. \u201eGerade in dieser herausfordernden Zeit ist es wichtig, positive Stimmung in die Stadt zu bringen.\u201c<\/p>\n<p>Bei einem Gewinnspiel soll der Kunde drei richtige Angaben machen, welches Gesch\u00e4ft welche L\u00e4nderdeko gew\u00e4hlt hat, und unter den richtigen Angaben werden dann zum Ende der Aktion, Mitte September 2020, die Gewinner der von den Gesch\u00e4ften gespendeten Sachpreise gezogen.<br \/>\nDie Teilnahmekarten dazu k\u00f6nnen in allen teilnehmenden Gesch\u00e4ften mitgenommen und abgegeben werden.<\/p>\n<p><strong>Die Aktion startet am Mittwoch, den 22. Juli 2020 und endet am Samstag, den 12.September 2020. Die Kavarinerstrasse w\u00fcnscht viel Gl\u00fcck!<\/strong><\/p>\n<p><a href=\"https:\/\/www.kle-blatt.de\/blog\/wp-content\/uploads\/2020\/07\/kavariner.jpg\"><img loading=\"lazy\" decoding=\"async\" class=\"size-full wp-image-27470 aligncenter\" src=\"https:\/\/www.kle-blatt.de\/blog\/wp-content\/uploads\/2020\/07\/kavariner.jpg\" alt=\"Musste sehen: Urlaubsfeeling in der Kavarinerstra\u00dfe\" width=\"850\" height=\"606\" srcset=\"https:\/\/www.kle-blatt.de\/blog\/wp-content\/uploads\/2020\/07\/kavariner.jpg?v=1595230282 850w, https:\/\/www.kle-blatt.de\/blog\/wp-content\/uploads\/2020\/07\/kavariner-300x214.jpg?v=1595230282 300w, https:\/\/www.kle-blatt.de\/blog\/wp-content\/uploads\/2020\/07\/kavariner-768x548.jpg?v=1595230282 768w\" sizes=\"auto, (max-width: 850px) 100vw, 850px\" \/><\/a>(Foto: Kavariner.de)<\/p>\n","protected":false},"excerpt":{"rendered":"<p>Musste sehen: Urlaubsfeeling in der Kavarinerstra\u00dfe In diesem vom Corona Virus bestimmten Sommer 2020 ist alles anders. Deshalb wollen die &hellip; <a href=\"https:\/\/www.kle-blatt.de\/blog\/allgemein\/musste-sehen-urlaubsfeeling-in-der-kavarinerstrasse.html\" class=\"more-link\"><span class=\"more-button\">Weiterlesen<span class=\"screen-reader-text\">Musste sehen: Urlaubsfeeling in der Kavarinerstra\u00dfe<\/span><\/span><\/a><\/p>\n","protected":false},"author":2,"featured_media":27470,"comment_status":"open","ping_status":"closed","sticky":false,"template":"","format":"standard","meta":{"footnotes":""},"categories":[1],"tags":[5356],"class_list":["post-27469","post","type-post","status-publish","format-standard","has-post-thumbnail","hentry","category-allgemein","tag-musste-sehen-urlaubsfeeling-in-der-kavarinerstrasse"],"_links":{"self":[{"href":"https:\/\/www.kle-blatt.de\/blog\/wp-json\/wp\/v2\/posts\/27469","targetHints":{"allow":["GET"]}}],"collection":[{"href":"https:\/\/www.kle-blatt.de\/blog\/wp-json\/wp\/v2\/posts"}],"about":[{"href":"https:\/\/www.kle-blatt.de\/blog\/wp-json\/wp\/v2\/types\/post"}],"author":[{"embeddable":true,"href":"https:\/\/www.kle-blatt.de\/blog\/wp-json\/wp\/v2\/users\/2"}],"replies":[{"embeddable":true,"href":"https:\/\/www.kle-blatt.de\/blog\/wp-json\/wp\/v2\/comments?post=27469"}],"version-history":[{"count":1,"href":"https:\/\/www.kle-blatt.de\/blog\/wp-json\/wp\/v2\/posts\/27469\/revisions"}],"predecessor-version":[{"id":27471,"href":"https:\/\/www.kle-blatt.de\/blog\/wp-json\/wp\/v2\/posts\/27469\/revisions\/27471"}],"wp:featuredmedia":[{"embeddable":true,"href":"https:\/\/www.kle-blatt.de\/blog\/wp-json\/wp\/v2\/media\/27470"}],"wp:attachment":[{"href":"https:\/\/www.kle-blatt.de\/blog\/wp-json\/wp\/v2\/media?parent=27469"}],"wp:term":[{"taxonomy":"category","embeddable":true,"href":"https:\/\/www.kle-blatt.de\/blog\/wp-json\/wp\/v2\/categories?post=27469"},{"taxonomy":"post_tag","embeddable":true,"href":"https:\/\/www.kle-blatt.de\/blog\/wp-json\/wp\/v2\/tags?post=27469"}],"curies":[{"name":"wp","href":"https:\/\/api.w.org\/{rel}","templated":true}]}}