{"id":27677,"date":"2025-10-11T06:36:20","date_gmt":"2025-10-11T04:36:20","guid":{"rendered":"https:\/\/www.kle-blatt.de\/blog\/?p=27677"},"modified":"2025-08-21T14:10:35","modified_gmt":"2025-08-21T12:10:35","slug":"wer-ist-damals-mit-angstschweiss-ueber-die-grenze","status":"publish","type":"post","link":"https:\/\/www.kle-blatt.de\/blog\/kleve-in-foto-video\/aus-dem-privatalbum\/wer-ist-damals-mit-angstschweiss-ueber-die-grenze.html","title":{"rendered":"Wer ist damals mit Angstschwei\u00df \u00fcber die Grenze?"},"content":{"rendered":"<p><strong>Wer ist damals mit Angstschwei\u00df \u00fcber die Grenze?<\/strong><\/p>\n<p>Verst\u00e4ndlich w\u00e4re es gewesen, sehen wir hier doch drei Zollbeamte in voller Montur, die im Jahre 1955 noch Assoziationen hervorrief. Und wenn jemand mit einigen Dingen von Nimwegen nach Kleve z.B. \u00fcber die Grenze Wyler kam, die er nicht so gerne verzollen wollte, dann konnte das leichte bis schwere Nervosit\u00e4t ausl\u00f6sen.<br \/>\nWem war dieses Gef\u00fchl denn nicht ganz unbekannt? \ud83d\ude09<\/p>\n<p><a href=\"https:\/\/www.kle-blatt.de\/blog\/wp-content\/uploads\/2020\/09\/zoll-wyler-1955.jpg\"><img loading=\"lazy\" decoding=\"async\" class=\"size-full wp-image-27678 aligncenter\" src=\"https:\/\/www.kle-blatt.de\/blog\/wp-content\/uploads\/2020\/09\/zoll-wyler-1955.jpg\" alt=\"Wer ist damals mit Angstschwei\u00df \u00fcber die Grenze?\" width=\"850\" height=\"576\" srcset=\"https:\/\/www.kle-blatt.de\/blog\/wp-content\/uploads\/2020\/09\/zoll-wyler-1955.jpg?v=1601372212 850w, https:\/\/www.kle-blatt.de\/blog\/wp-content\/uploads\/2020\/09\/zoll-wyler-1955-300x203.jpg?v=1601372212 300w, https:\/\/www.kle-blatt.de\/blog\/wp-content\/uploads\/2020\/09\/zoll-wyler-1955-768x520.jpg?v=1601372212 768w, https:\/\/www.kle-blatt.de\/blog\/wp-content\/uploads\/2020\/09\/zoll-wyler-1955-79x53.jpg?v=1601372212 79w\" sizes=\"auto, (max-width: 850px) 100vw, 850px\" \/><\/a><br \/>\n(Foto: Paul Driever)<\/p>\n","protected":false},"excerpt":{"rendered":"<p>Wer ist damals mit Angstschwei\u00df \u00fcber die Grenze? Verst\u00e4ndlich w\u00e4re es gewesen, sehen wir hier doch drei Zollbeamte in voller &hellip; <a href=\"https:\/\/www.kle-blatt.de\/blog\/kleve-in-foto-video\/aus-dem-privatalbum\/wer-ist-damals-mit-angstschweiss-ueber-die-grenze.html\" class=\"more-link\"><span class=\"more-button\">Weiterlesen<span class=\"screen-reader-text\">Wer ist damals mit Angstschwei\u00df \u00fcber die Grenze?<\/span><\/span><\/a><\/p>\n","protected":false},"author":2,"featured_media":27678,"comment_status":"closed","ping_status":"closed","sticky":false,"template":"","format":"standard","meta":{"footnotes":""},"categories":[20],"tags":[],"class_list":["post-27677","post","type-post","status-publish","format-standard","has-post-thumbnail","hentry","category-aus-dem-privatalbum"],"_links":{"self":[{"href":"https:\/\/www.kle-blatt.de\/blog\/wp-json\/wp\/v2\/posts\/27677","targetHints":{"allow":["GET"]}}],"collection":[{"href":"https:\/\/www.kle-blatt.de\/blog\/wp-json\/wp\/v2\/posts"}],"about":[{"href":"https:\/\/www.kle-blatt.de\/blog\/wp-json\/wp\/v2\/types\/post"}],"author":[{"embeddable":true,"href":"https:\/\/www.kle-blatt.de\/blog\/wp-json\/wp\/v2\/users\/2"}],"replies":[{"embeddable":true,"href":"https:\/\/www.kle-blatt.de\/blog\/wp-json\/wp\/v2\/comments?post=27677"}],"version-history":[{"count":1,"href":"https:\/\/www.kle-blatt.de\/blog\/wp-json\/wp\/v2\/posts\/27677\/revisions"}],"predecessor-version":[{"id":27679,"href":"https:\/\/www.kle-blatt.de\/blog\/wp-json\/wp\/v2\/posts\/27677\/revisions\/27679"}],"wp:featuredmedia":[{"embeddable":true,"href":"https:\/\/www.kle-blatt.de\/blog\/wp-json\/wp\/v2\/media\/27678"}],"wp:attachment":[{"href":"https:\/\/www.kle-blatt.de\/blog\/wp-json\/wp\/v2\/media?parent=27677"}],"wp:term":[{"taxonomy":"category","embeddable":true,"href":"https:\/\/www.kle-blatt.de\/blog\/wp-json\/wp\/v2\/categories?post=27677"},{"taxonomy":"post_tag","embeddable":true,"href":"https:\/\/www.kle-blatt.de\/blog\/wp-json\/wp\/v2\/tags?post=27677"}],"curies":[{"name":"wp","href":"https:\/\/api.w.org\/{rel}","templated":true}]}}