{"id":28288,"date":"2021-02-24T06:10:16","date_gmt":"2021-02-24T04:10:16","guid":{"rendered":"https:\/\/www.kle-blatt.de\/blog\/?p=28288"},"modified":"2021-01-28T13:48:29","modified_gmt":"2021-01-28T11:48:29","slug":"interessierte-kleverinnen-wissen-wo-das-mal-so-aussah","status":"publish","type":"post","link":"https:\/\/www.kle-blatt.de\/blog\/kleve-in-foto-video\/aus-dem-privatalbum\/interessierte-kleverinnen-wissen-wo-das-mal-so-aussah.html","title":{"rendered":"Interessierte Klever\/innen wissen, wo das mal so aussah"},"content":{"rendered":"<p><strong>Interessierte Klever\/innen wissen, wo das mal so aussah<\/strong><\/p>\n<p>Strammer Verkehr veranlasste die Fu\u00dfg\u00e4nger zu erh\u00f6hter Aufmerksamkeit an dieser markanten und sehr bekannten Klever Kreuzung. Einige Merkmale waren damals unverkennbar. Daher werden die Meisten noch wissen, wo wir uns hier befinden. Aber nicht Alle. \ud83d\ude09<\/p>\n<p><a href=\"https:\/\/www.kle-blatt.de\/blog\/wp-content\/uploads\/2021\/01\/fischmarkt-juergen-suerick-1.jpg\"><img loading=\"lazy\" decoding=\"async\" class=\"aligncenter size-full wp-image-28289\" src=\"https:\/\/www.kle-blatt.de\/blog\/wp-content\/uploads\/2021\/01\/fischmarkt-juergen-suerick-1.jpg\" alt=\"Interessierte Klever\/innen wissen, wo das mal so aussah\" width=\"850\" height=\"561\" srcset=\"https:\/\/www.kle-blatt.de\/blog\/wp-content\/uploads\/2021\/01\/fischmarkt-juergen-suerick-1.jpg?v=1611833940 850w, https:\/\/www.kle-blatt.de\/blog\/wp-content\/uploads\/2021\/01\/fischmarkt-juergen-suerick-1-300x198.jpg?v=1611833940 300w, https:\/\/www.kle-blatt.de\/blog\/wp-content\/uploads\/2021\/01\/fischmarkt-juergen-suerick-1-768x507.jpg?v=1611833940 768w, https:\/\/www.kle-blatt.de\/blog\/wp-content\/uploads\/2021\/01\/fischmarkt-juergen-suerick-1-79x53.jpg?v=1611833940 79w\" sizes=\"auto, (max-width: 850px) 100vw, 850px\" \/><\/a><br \/>\n(Fotoauszug: J\u00fcrgen Suerick)<\/p>\n","protected":false},"excerpt":{"rendered":"<p>Interessierte Klever\/innen wissen, wo das mal so aussah Strammer Verkehr veranlasste die Fu\u00dfg\u00e4nger zu erh\u00f6hter Aufmerksamkeit an dieser markanten und &hellip; <a href=\"https:\/\/www.kle-blatt.de\/blog\/kleve-in-foto-video\/aus-dem-privatalbum\/interessierte-kleverinnen-wissen-wo-das-mal-so-aussah.html\" class=\"more-link\"><span class=\"more-button\">Weiterlesen<span class=\"screen-reader-text\">Interessierte Klever\/innen wissen, wo das mal so aussah<\/span><\/span><\/a><\/p>\n","protected":false},"author":2,"featured_media":28289,"comment_status":"open","ping_status":"closed","sticky":false,"template":"","format":"standard","meta":{"footnotes":""},"categories":[20],"tags":[5474,5475],"class_list":["post-28288","post","type-post","status-publish","format-standard","has-post-thumbnail","hentry","category-aus-dem-privatalbum","tag-interessierte-kleverinnen-wissen","tag-wo-das-mal-so-aussah"],"_links":{"self":[{"href":"https:\/\/www.kle-blatt.de\/blog\/wp-json\/wp\/v2\/posts\/28288","targetHints":{"allow":["GET"]}}],"collection":[{"href":"https:\/\/www.kle-blatt.de\/blog\/wp-json\/wp\/v2\/posts"}],"about":[{"href":"https:\/\/www.kle-blatt.de\/blog\/wp-json\/wp\/v2\/types\/post"}],"author":[{"embeddable":true,"href":"https:\/\/www.kle-blatt.de\/blog\/wp-json\/wp\/v2\/users\/2"}],"replies":[{"embeddable":true,"href":"https:\/\/www.kle-blatt.de\/blog\/wp-json\/wp\/v2\/comments?post=28288"}],"version-history":[{"count":1,"href":"https:\/\/www.kle-blatt.de\/blog\/wp-json\/wp\/v2\/posts\/28288\/revisions"}],"predecessor-version":[{"id":28290,"href":"https:\/\/www.kle-blatt.de\/blog\/wp-json\/wp\/v2\/posts\/28288\/revisions\/28290"}],"wp:featuredmedia":[{"embeddable":true,"href":"https:\/\/www.kle-blatt.de\/blog\/wp-json\/wp\/v2\/media\/28289"}],"wp:attachment":[{"href":"https:\/\/www.kle-blatt.de\/blog\/wp-json\/wp\/v2\/media?parent=28288"}],"wp:term":[{"taxonomy":"category","embeddable":true,"href":"https:\/\/www.kle-blatt.de\/blog\/wp-json\/wp\/v2\/categories?post=28288"},{"taxonomy":"post_tag","embeddable":true,"href":"https:\/\/www.kle-blatt.de\/blog\/wp-json\/wp\/v2\/tags?post=28288"}],"curies":[{"name":"wp","href":"https:\/\/api.w.org\/{rel}","templated":true}]}}