{"id":28446,"date":"2021-03-25T07:10:42","date_gmt":"2021-03-25T05:10:42","guid":{"rendered":"https:\/\/www.kle-blatt.de\/blog\/?p=28446"},"modified":"2021-02-25T14:14:59","modified_gmt":"2021-02-25T12:14:59","slug":"flamingos-im-klever-tiergarten","status":"publish","type":"post","link":"https:\/\/www.kle-blatt.de\/blog\/kleve-in-foto-video\/flamingos-im-klever-tiergarten.html","title":{"rendered":"Flamingos im Klever Tiergarten?"},"content":{"rendered":"<p><strong>Flamingos im Klever Tiergarten?<\/strong><\/p>\n<p>Nun, es hat sie tats\u00e4chlich dort gegeben, wie man hier sehen kann. Die pinkfarbenen V\u00f6gel w\u00e4ren auch heutzutage eine Bereicherung des Tierbestandes. Vielleicht kommen sie ja zur\u00fcck. Wer wei\u00df?<\/p>\n<p><a href=\"https:\/\/www.kle-blatt.de\/blog\/wp-content\/uploads\/2021\/02\/flamingos-im-tiergarten.jpg\"><img loading=\"lazy\" decoding=\"async\" class=\"aligncenter size-full wp-image-28447\" src=\"https:\/\/www.kle-blatt.de\/blog\/wp-content\/uploads\/2021\/02\/flamingos-im-tiergarten.jpg\" alt=\"Flamingos im Klever Tiergarten?\" width=\"850\" height=\"839\" srcset=\"https:\/\/www.kle-blatt.de\/blog\/wp-content\/uploads\/2021\/02\/flamingos-im-tiergarten-300x295.jpg?v=1614255194 300w, https:\/\/www.kle-blatt.de\/blog\/wp-content\/uploads\/2021\/02\/flamingos-im-tiergarten-100x100.jpg?v=1614255194 100w, https:\/\/www.kle-blatt.de\/blog\/wp-content\/uploads\/2021\/02\/flamingos-im-tiergarten-82x82.jpg?v=1614255194 82w\" sizes=\"auto, (max-width: 850px) 100vw, 850px\" \/><\/a><br \/>\n(Foto: Fritz Getlinger \u2013 mit freundlicher Genehmigung von Frau Katrin Getlinger-Wessing)<\/p>\n","protected":false},"excerpt":{"rendered":"<p>Flamingos im Klever Tiergarten? Nun, es hat sie tats\u00e4chlich dort gegeben, wie man hier sehen kann. Die pinkfarbenen V\u00f6gel w\u00e4ren &hellip; <a href=\"https:\/\/www.kle-blatt.de\/blog\/kleve-in-foto-video\/flamingos-im-klever-tiergarten.html\" class=\"more-link\"><span class=\"more-button\">Weiterlesen<span class=\"screen-reader-text\">Flamingos im Klever Tiergarten?<\/span><\/span><\/a><\/p>\n","protected":false},"author":2,"featured_media":28447,"comment_status":"open","ping_status":"closed","sticky":false,"template":"","format":"standard","meta":{"footnotes":""},"categories":[3],"tags":[5504],"class_list":["post-28446","post","type-post","status-publish","format-standard","has-post-thumbnail","hentry","category-kleve-in-foto-video","tag-flamingos-im-klever-tiergarten"],"_links":{"self":[{"href":"https:\/\/www.kle-blatt.de\/blog\/wp-json\/wp\/v2\/posts\/28446","targetHints":{"allow":["GET"]}}],"collection":[{"href":"https:\/\/www.kle-blatt.de\/blog\/wp-json\/wp\/v2\/posts"}],"about":[{"href":"https:\/\/www.kle-blatt.de\/blog\/wp-json\/wp\/v2\/types\/post"}],"author":[{"embeddable":true,"href":"https:\/\/www.kle-blatt.de\/blog\/wp-json\/wp\/v2\/users\/2"}],"replies":[{"embeddable":true,"href":"https:\/\/www.kle-blatt.de\/blog\/wp-json\/wp\/v2\/comments?post=28446"}],"version-history":[{"count":1,"href":"https:\/\/www.kle-blatt.de\/blog\/wp-json\/wp\/v2\/posts\/28446\/revisions"}],"predecessor-version":[{"id":28448,"href":"https:\/\/www.kle-blatt.de\/blog\/wp-json\/wp\/v2\/posts\/28446\/revisions\/28448"}],"wp:featuredmedia":[{"embeddable":true,"href":"https:\/\/www.kle-blatt.de\/blog\/wp-json\/wp\/v2\/media\/28447"}],"wp:attachment":[{"href":"https:\/\/www.kle-blatt.de\/blog\/wp-json\/wp\/v2\/media?parent=28446"}],"wp:term":[{"taxonomy":"category","embeddable":true,"href":"https:\/\/www.kle-blatt.de\/blog\/wp-json\/wp\/v2\/categories?post=28446"},{"taxonomy":"post_tag","embeddable":true,"href":"https:\/\/www.kle-blatt.de\/blog\/wp-json\/wp\/v2\/tags?post=28446"}],"curies":[{"name":"wp","href":"https:\/\/api.w.org\/{rel}","templated":true}]}}