{"id":28551,"date":"2021-04-04T07:13:28","date_gmt":"2021-04-04T05:13:28","guid":{"rendered":"https:\/\/www.kle-blatt.de\/blog\/?p=28551"},"modified":"2021-03-22T12:17:37","modified_gmt":"2021-03-22T10:17:37","slug":"baufortschritt-an-der-rheinbruecke","status":"publish","type":"post","link":"https:\/\/www.kle-blatt.de\/blog\/kleve-in-foto-video\/aus-dem-privatalbum\/baufortschritt-an-der-rheinbruecke.html","title":{"rendered":"Baufortschritt an der Rheinbr\u00fccke"},"content":{"rendered":"<p><strong>Baufortschritt an der Rheinbr\u00fccke<\/strong><\/p>\n<p>Da fehlte noch ein ziemliches St\u00fcck Br\u00fccke. Wir sehen hier ein Foto, dass w\u00e4hrend des Baus der Rheinbr\u00fccke Kleve-Emmerich geschossen wurde. Ist schon lange her. Doch gebaut wird dort immer noch st\u00e4ndig.<\/p>\n<p><a href=\"https:\/\/www.kle-blatt.de\/blog\/wp-content\/uploads\/2021\/03\/emmericher-rheinbruecke-12-klaus.jpg\"><img loading=\"lazy\" decoding=\"async\" class=\"aligncenter size-full wp-image-28552\" src=\"https:\/\/www.kle-blatt.de\/blog\/wp-content\/uploads\/2021\/03\/emmericher-rheinbruecke-12-klaus.jpg\" alt=\"Baufortschritt an der Rheinbr\u00fccke\" width=\"850\" height=\"510\" srcset=\"https:\/\/www.kle-blatt.de\/blog\/wp-content\/uploads\/2021\/03\/emmericher-rheinbruecke-12-klaus.jpg?v=1616408032 850w, https:\/\/www.kle-blatt.de\/blog\/wp-content\/uploads\/2021\/03\/emmericher-rheinbruecke-12-klaus-300x180.jpg?v=1616408032 300w, https:\/\/www.kle-blatt.de\/blog\/wp-content\/uploads\/2021\/03\/emmericher-rheinbruecke-12-klaus-768x461.jpg?v=1616408032 768w\" sizes=\"auto, (max-width: 850px) 100vw, 850px\" \/><\/a><br \/>\n(Bild gezeigt von Klaus Neumann)<\/p>\n","protected":false},"excerpt":{"rendered":"<p>Baufortschritt an der Rheinbr\u00fccke Da fehlte noch ein ziemliches St\u00fcck Br\u00fccke. Wir sehen hier ein Foto, dass w\u00e4hrend des Baus &hellip; <a href=\"https:\/\/www.kle-blatt.de\/blog\/kleve-in-foto-video\/aus-dem-privatalbum\/baufortschritt-an-der-rheinbruecke.html\" class=\"more-link\"><span class=\"more-button\">Weiterlesen<span class=\"screen-reader-text\">Baufortschritt an der Rheinbr\u00fccke<\/span><\/span><\/a><\/p>\n","protected":false},"author":2,"featured_media":28552,"comment_status":"open","ping_status":"closed","sticky":false,"template":"","format":"standard","meta":{"footnotes":""},"categories":[20],"tags":[5512],"class_list":["post-28551","post","type-post","status-publish","format-standard","has-post-thumbnail","hentry","category-aus-dem-privatalbum","tag-baufortschritt-an-der-rheinbruecke"],"_links":{"self":[{"href":"https:\/\/www.kle-blatt.de\/blog\/wp-json\/wp\/v2\/posts\/28551","targetHints":{"allow":["GET"]}}],"collection":[{"href":"https:\/\/www.kle-blatt.de\/blog\/wp-json\/wp\/v2\/posts"}],"about":[{"href":"https:\/\/www.kle-blatt.de\/blog\/wp-json\/wp\/v2\/types\/post"}],"author":[{"embeddable":true,"href":"https:\/\/www.kle-blatt.de\/blog\/wp-json\/wp\/v2\/users\/2"}],"replies":[{"embeddable":true,"href":"https:\/\/www.kle-blatt.de\/blog\/wp-json\/wp\/v2\/comments?post=28551"}],"version-history":[{"count":1,"href":"https:\/\/www.kle-blatt.de\/blog\/wp-json\/wp\/v2\/posts\/28551\/revisions"}],"predecessor-version":[{"id":28553,"href":"https:\/\/www.kle-blatt.de\/blog\/wp-json\/wp\/v2\/posts\/28551\/revisions\/28553"}],"wp:featuredmedia":[{"embeddable":true,"href":"https:\/\/www.kle-blatt.de\/blog\/wp-json\/wp\/v2\/media\/28552"}],"wp:attachment":[{"href":"https:\/\/www.kle-blatt.de\/blog\/wp-json\/wp\/v2\/media?parent=28551"}],"wp:term":[{"taxonomy":"category","embeddable":true,"href":"https:\/\/www.kle-blatt.de\/blog\/wp-json\/wp\/v2\/categories?post=28551"},{"taxonomy":"post_tag","embeddable":true,"href":"https:\/\/www.kle-blatt.de\/blog\/wp-json\/wp\/v2\/tags?post=28551"}],"curies":[{"name":"wp","href":"https:\/\/api.w.org\/{rel}","templated":true}]}}