{"id":28557,"date":"2026-04-29T07:09:15","date_gmt":"2026-04-29T05:09:15","guid":{"rendered":"https:\/\/www.kle-blatt.de\/blog\/?p=28557"},"modified":"2026-02-05T14:45:08","modified_gmt":"2026-02-05T12:45:08","slug":"so-aehnlich-gibt-es-das-noch-berg-thal","status":"publish","type":"post","link":"https:\/\/www.kle-blatt.de\/blog\/kleve-in-foto-video\/so-aehnlich-gibt-es-das-noch-berg-thal.html","title":{"rendered":"So \u00e4hnlich gibt es das noch: Berg + Thal"},"content":{"rendered":"<p><strong>So \u00e4hnlich gibt es das noch: Berg + Thal<\/strong><\/p>\n<p>Damals hie\u00df es noch, wie auf der Ansichtskarte zu lesen: Hotel &amp; Pension Herm. Sonderkamp.<br \/>\nEs verf\u00fcgte \u00fcber einen prachtvollen begr\u00fcnten Wintergarten und einen Kinderspielplatz, der eher an eine Kirmes erinnert. Auch der Garten mit dem Kiosk bzw. Pavillon steht noch. Die abgebildeten V\u00f6gel weisen auf den hinter dem Hotel liegenden Fasanengarten hin.<\/p>\n<p><a href=\"https:\/\/www.kle-blatt.de\/blog\/wp-content\/uploads\/2021\/03\/berg-thal.jpg\"><img loading=\"lazy\" decoding=\"async\" class=\"aligncenter size-full wp-image-28558\" src=\"https:\/\/www.kle-blatt.de\/blog\/wp-content\/uploads\/2021\/03\/berg-thal.jpg\" alt=\"So \u00e4hnlich gibt es das noch: Berg + Thal\" width=\"850\" height=\"570\" srcset=\"https:\/\/www.kle-blatt.de\/blog\/wp-content\/uploads\/2021\/03\/berg-thal.jpg?v=1616414976 850w, https:\/\/www.kle-blatt.de\/blog\/wp-content\/uploads\/2021\/03\/berg-thal-300x201.jpg?v=1616414976 300w, https:\/\/www.kle-blatt.de\/blog\/wp-content\/uploads\/2021\/03\/berg-thal-768x515.jpg?v=1616414976 768w, https:\/\/www.kle-blatt.de\/blog\/wp-content\/uploads\/2021\/03\/berg-thal-79x53.jpg?v=1616414976 79w\" sizes=\"auto, (max-width: 850px) 100vw, 850px\" \/><\/a><\/p>\n","protected":false},"excerpt":{"rendered":"<p>So \u00e4hnlich gibt es das noch: Berg + Thal Damals hie\u00df es noch, wie auf der Ansichtskarte zu lesen: Hotel &hellip; <a href=\"https:\/\/www.kle-blatt.de\/blog\/kleve-in-foto-video\/so-aehnlich-gibt-es-das-noch-berg-thal.html\" class=\"more-link\"><span class=\"more-button\">Weiterlesen<span class=\"screen-reader-text\">So \u00e4hnlich gibt es das noch: Berg + Thal<\/span><\/span><\/a><\/p>\n","protected":false},"author":2,"featured_media":28558,"comment_status":"closed","ping_status":"closed","sticky":false,"template":"","format":"standard","meta":{"footnotes":""},"categories":[3],"tags":[5514],"class_list":["post-28557","post","type-post","status-publish","format-standard","has-post-thumbnail","hentry","category-kleve-in-foto-video","tag-so-aehnlich-gibt-es-das-noch-berg-thal"],"_links":{"self":[{"href":"https:\/\/www.kle-blatt.de\/blog\/wp-json\/wp\/v2\/posts\/28557","targetHints":{"allow":["GET"]}}],"collection":[{"href":"https:\/\/www.kle-blatt.de\/blog\/wp-json\/wp\/v2\/posts"}],"about":[{"href":"https:\/\/www.kle-blatt.de\/blog\/wp-json\/wp\/v2\/types\/post"}],"author":[{"embeddable":true,"href":"https:\/\/www.kle-blatt.de\/blog\/wp-json\/wp\/v2\/users\/2"}],"replies":[{"embeddable":true,"href":"https:\/\/www.kle-blatt.de\/blog\/wp-json\/wp\/v2\/comments?post=28557"}],"version-history":[{"count":1,"href":"https:\/\/www.kle-blatt.de\/blog\/wp-json\/wp\/v2\/posts\/28557\/revisions"}],"predecessor-version":[{"id":28559,"href":"https:\/\/www.kle-blatt.de\/blog\/wp-json\/wp\/v2\/posts\/28557\/revisions\/28559"}],"wp:featuredmedia":[{"embeddable":true,"href":"https:\/\/www.kle-blatt.de\/blog\/wp-json\/wp\/v2\/media\/28558"}],"wp:attachment":[{"href":"https:\/\/www.kle-blatt.de\/blog\/wp-json\/wp\/v2\/media?parent=28557"}],"wp:term":[{"taxonomy":"category","embeddable":true,"href":"https:\/\/www.kle-blatt.de\/blog\/wp-json\/wp\/v2\/categories?post=28557"},{"taxonomy":"post_tag","embeddable":true,"href":"https:\/\/www.kle-blatt.de\/blog\/wp-json\/wp\/v2\/tags?post=28557"}],"curies":[{"name":"wp","href":"https:\/\/api.w.org\/{rel}","templated":true}]}}