{"id":28580,"date":"2026-04-29T05:46:01","date_gmt":"2026-04-29T03:46:01","guid":{"rendered":"https:\/\/www.kle-blatt.de\/blog\/?p=28580"},"modified":"2026-02-05T14:58:37","modified_gmt":"2026-02-05T12:58:37","slug":"bist-du-eigentlich-schon-mal-mit-der-kutsche-gefahren","status":"publish","type":"post","link":"https:\/\/www.kle-blatt.de\/blog\/kleve-in-foto-video\/aus-dem-privatalbum\/bist-du-eigentlich-schon-mal-mit-der-kutsche-gefahren.html","title":{"rendered":"Bist Du eigentlich schon mal mit der Kutsche gefahren?"},"content":{"rendered":"<p><strong>Bist Du eigentlich schon mal mit der Kutsche gefahren?<\/strong><\/p>\n<p>In vergangenen Zeiten, als Autos noch zu den Exoten auf den kaum befestigten Stra\u00dfen geh\u00f6rten, waren Kutschen ein beliebtes Bef\u00f6rderungsmittel. Diejenigen mit denen man Personen gegen Geb\u00fchr bef\u00f6rderte, nannte man Droschken. Heute sind das Taxis.<br \/>\nHier sehen wir das gro\u00dfartige Bild eines Zweisp\u00e4nners, der vier edle Damen als Passagiere begr\u00fc\u00dfen konnte.<br \/>\nBist Du auch schon mal in den Genuss gekommen, mit einem solchen Gespann zu reisen? In zahlreichen Urlaubsorten wird sowas ja angeboten, wie in Wien mit dem Fiaker oder in Palma de Mallorca oder Korfu etc. Ist eine sch\u00f6ne, gem\u00fctliche Sache, auch wenn Tiersch\u00fctzer jetzt wieder auf die Barrikaden gehen. \ud83d\ude09<\/p>\n<p><a href=\"https:\/\/www.kle-blatt.de\/blog\/wp-content\/uploads\/2021\/03\/Kutschenfahrt-in-der-Rheinniederung-bei-Kleve-um-1905-w-schnuetgen-aus-damals-am-niederrhein-von-clemens-reinders.jpg\"><img loading=\"lazy\" decoding=\"async\" class=\"aligncenter size-full wp-image-28581\" src=\"https:\/\/www.kle-blatt.de\/blog\/wp-content\/uploads\/2021\/03\/Kutschenfahrt-in-der-Rheinniederung-bei-Kleve-um-1905-w-schnuetgen-aus-damals-am-niederrhein-von-clemens-reinders.jpg\" alt=\"Bist Du eigentlich schon mal mit der Kutsche gefahren?\" width=\"850\" height=\"593\" srcset=\"https:\/\/www.kle-blatt.de\/blog\/wp-content\/uploads\/2021\/03\/Kutschenfahrt-in-der-Rheinniederung-bei-Kleve-um-1905-w-schnuetgen-aus-damals-am-niederrhein-von-clemens-reinders.jpg?v=1616496457 850w, https:\/\/www.kle-blatt.de\/blog\/wp-content\/uploads\/2021\/03\/Kutschenfahrt-in-der-Rheinniederung-bei-Kleve-um-1905-w-schnuetgen-aus-damals-am-niederrhein-von-clemens-reinders-300x209.jpg?v=1616496457 300w, https:\/\/www.kle-blatt.de\/blog\/wp-content\/uploads\/2021\/03\/Kutschenfahrt-in-der-Rheinniederung-bei-Kleve-um-1905-w-schnuetgen-aus-damals-am-niederrhein-von-clemens-reinders-768x536.jpg?v=1616496457 768w\" sizes=\"auto, (max-width: 850px) 100vw, 850px\" \/><br \/>\n<\/a>(Foto: Wiltrud Schn\u00fctgen aus Damals am Niederrhein von Clemens Reinders)<\/p>\n","protected":false},"excerpt":{"rendered":"<p>Bist Du eigentlich schon mal mit der Kutsche gefahren? In vergangenen Zeiten, als Autos noch zu den Exoten auf den &hellip; <a href=\"https:\/\/www.kle-blatt.de\/blog\/kleve-in-foto-video\/aus-dem-privatalbum\/bist-du-eigentlich-schon-mal-mit-der-kutsche-gefahren.html\" class=\"more-link\"><span class=\"more-button\">Weiterlesen<span class=\"screen-reader-text\">Bist Du eigentlich schon mal mit der Kutsche gefahren?<\/span><\/span><\/a><\/p>\n","protected":false},"author":2,"featured_media":28581,"comment_status":"closed","ping_status":"closed","sticky":false,"template":"","format":"standard","meta":{"footnotes":""},"categories":[20],"tags":[5522],"class_list":["post-28580","post","type-post","status-publish","format-standard","has-post-thumbnail","hentry","category-aus-dem-privatalbum","tag-bist-du-eigentlich-schon-mal-mit-der-kutsche-gefahren"],"_links":{"self":[{"href":"https:\/\/www.kle-blatt.de\/blog\/wp-json\/wp\/v2\/posts\/28580","targetHints":{"allow":["GET"]}}],"collection":[{"href":"https:\/\/www.kle-blatt.de\/blog\/wp-json\/wp\/v2\/posts"}],"about":[{"href":"https:\/\/www.kle-blatt.de\/blog\/wp-json\/wp\/v2\/types\/post"}],"author":[{"embeddable":true,"href":"https:\/\/www.kle-blatt.de\/blog\/wp-json\/wp\/v2\/users\/2"}],"replies":[{"embeddable":true,"href":"https:\/\/www.kle-blatt.de\/blog\/wp-json\/wp\/v2\/comments?post=28580"}],"version-history":[{"count":3,"href":"https:\/\/www.kle-blatt.de\/blog\/wp-json\/wp\/v2\/posts\/28580\/revisions"}],"predecessor-version":[{"id":36609,"href":"https:\/\/www.kle-blatt.de\/blog\/wp-json\/wp\/v2\/posts\/28580\/revisions\/36609"}],"wp:featuredmedia":[{"embeddable":true,"href":"https:\/\/www.kle-blatt.de\/blog\/wp-json\/wp\/v2\/media\/28581"}],"wp:attachment":[{"href":"https:\/\/www.kle-blatt.de\/blog\/wp-json\/wp\/v2\/media?parent=28580"}],"wp:term":[{"taxonomy":"category","embeddable":true,"href":"https:\/\/www.kle-blatt.de\/blog\/wp-json\/wp\/v2\/categories?post=28580"},{"taxonomy":"post_tag","embeddable":true,"href":"https:\/\/www.kle-blatt.de\/blog\/wp-json\/wp\/v2\/tags?post=28580"}],"curies":[{"name":"wp","href":"https:\/\/api.w.org\/{rel}","templated":true}]}}