{"id":28586,"date":"2026-04-28T07:05:06","date_gmt":"2026-04-28T05:05:06","guid":{"rendered":"https:\/\/www.kle-blatt.de\/blog\/?p=28586"},"modified":"2026-02-05T15:08:25","modified_gmt":"2026-02-05T13:08:25","slug":"hast-du-hier-auch-mal-ein-bierchen-getrunken","status":"publish","type":"post","link":"https:\/\/www.kle-blatt.de\/blog\/kleve-in-foto-video\/aus-dem-privatalbum\/hast-du-hier-auch-mal-ein-bierchen-getrunken.html","title":{"rendered":"Hast Du hier auch mal ein Bierchen getrunken?"},"content":{"rendered":"<p><strong>Hast Du hier auch mal ein Bierchen getrunken?<\/strong><\/p>\n<p>Dann kanntest Du auch Theo und Rosi Wessels, die zu dieser Zeit die Kneipe f\u00fchrten. Erst sp\u00e4ter wurde alles umgebaut und von Wolfgang Hottgenroth neu er\u00f6ffnet. Der Name &#8222;Zum Kurf\u00fcrsten&#8220; blieb. Zu diesen Zeiten gab es noch etliche Gastwirtschaften in Kleve. Geschichte.<\/p>\n<p><a href=\"https:\/\/www.kle-blatt.de\/blog\/wp-content\/uploads\/2021\/03\/zum-kurfuersten-duck1.jpg\"><img loading=\"lazy\" decoding=\"async\" class=\"aligncenter size-full wp-image-28587\" src=\"https:\/\/www.kle-blatt.de\/blog\/wp-content\/uploads\/2021\/03\/zum-kurfuersten-duck1.jpg\" alt=\"Hast Du hier auch mal ein Bierchen getrunken?\" width=\"850\" height=\"519\" \/><\/a><br \/>\n(Foto: Duck (Hans-Wilhelm Heek))<\/p>\n","protected":false},"excerpt":{"rendered":"<p>Hast Du hier auch mal ein Bierchen getrunken? Dann kanntest Du auch Theo und Rosi Wessels, die zu dieser Zeit &hellip; <a href=\"https:\/\/www.kle-blatt.de\/blog\/kleve-in-foto-video\/aus-dem-privatalbum\/hast-du-hier-auch-mal-ein-bierchen-getrunken.html\" class=\"more-link\"><span class=\"more-button\">Weiterlesen<span class=\"screen-reader-text\">Hast Du hier auch mal ein Bierchen getrunken?<\/span><\/span><\/a><\/p>\n","protected":false},"author":2,"featured_media":28587,"comment_status":"closed","ping_status":"closed","sticky":false,"template":"","format":"standard","meta":{"footnotes":""},"categories":[20],"tags":[4841],"class_list":["post-28586","post","type-post","status-publish","format-standard","has-post-thumbnail","hentry","category-aus-dem-privatalbum","tag-hast-du-hier-auch-mal-ein-bierchen-getrunken"],"_links":{"self":[{"href":"https:\/\/www.kle-blatt.de\/blog\/wp-json\/wp\/v2\/posts\/28586","targetHints":{"allow":["GET"]}}],"collection":[{"href":"https:\/\/www.kle-blatt.de\/blog\/wp-json\/wp\/v2\/posts"}],"about":[{"href":"https:\/\/www.kle-blatt.de\/blog\/wp-json\/wp\/v2\/types\/post"}],"author":[{"embeddable":true,"href":"https:\/\/www.kle-blatt.de\/blog\/wp-json\/wp\/v2\/users\/2"}],"replies":[{"embeddable":true,"href":"https:\/\/www.kle-blatt.de\/blog\/wp-json\/wp\/v2\/comments?post=28586"}],"version-history":[{"count":1,"href":"https:\/\/www.kle-blatt.de\/blog\/wp-json\/wp\/v2\/posts\/28586\/revisions"}],"predecessor-version":[{"id":28588,"href":"https:\/\/www.kle-blatt.de\/blog\/wp-json\/wp\/v2\/posts\/28586\/revisions\/28588"}],"wp:featuredmedia":[{"embeddable":true,"href":"https:\/\/www.kle-blatt.de\/blog\/wp-json\/wp\/v2\/media\/28587"}],"wp:attachment":[{"href":"https:\/\/www.kle-blatt.de\/blog\/wp-json\/wp\/v2\/media?parent=28586"}],"wp:term":[{"taxonomy":"category","embeddable":true,"href":"https:\/\/www.kle-blatt.de\/blog\/wp-json\/wp\/v2\/categories?post=28586"},{"taxonomy":"post_tag","embeddable":true,"href":"https:\/\/www.kle-blatt.de\/blog\/wp-json\/wp\/v2\/tags?post=28586"}],"curies":[{"name":"wp","href":"https:\/\/api.w.org\/{rel}","templated":true}]}}