{"id":29250,"date":"2023-02-02T06:00:22","date_gmt":"2023-02-02T04:00:22","guid":{"rendered":"https:\/\/www.kle-blatt.de\/blog\/?p=29250"},"modified":"2023-01-13T13:00:54","modified_gmt":"2023-01-13T11:00:54","slug":"bist-du-auch-mal-mit-einem-solchen-reisebus-gefahren","status":"publish","type":"post","link":"https:\/\/www.kle-blatt.de\/blog\/kleve-in-foto-video\/bist-du-auch-mal-mit-einem-solchen-reisebus-gefahren.html","title":{"rendered":"Bist Du auch mal mit einem solchen Reisebus gefahren?"},"content":{"rendered":"<p><strong>Bist Du auch mal mit einem solchen Reisebus gefahren?<\/strong><\/p>\n<p>Ein wundervoller Reisebus von Schwanenritter Reintjes mit Gep\u00e4cktr\u00e4ger auf dem Dach, wie es damals \u00fcblich war.<br \/>\nWer hat denn auch eine Fahrt mit solch einem Modell unternommen?<\/p>\n<p><a href=\"https:\/\/www.kle-blatt.de\/blog\/wp-content\/uploads\/2021\/08\/reisedienst-reintjes-georg-kluitmann.jpg\"><img loading=\"lazy\" decoding=\"async\" class=\"aligncenter size-full wp-image-29251\" src=\"https:\/\/www.kle-blatt.de\/blog\/wp-content\/uploads\/2021\/08\/reisedienst-reintjes-georg-kluitmann.jpg\" alt=\"Bist Du auch mal mit einem solchen Reisebus gefahren?\" width=\"849\" height=\"573\" srcset=\"https:\/\/www.kle-blatt.de\/blog\/wp-content\/uploads\/2021\/08\/reisedienst-reintjes-georg-kluitmann.jpg?v=1629974165 849w, https:\/\/www.kle-blatt.de\/blog\/wp-content\/uploads\/2021\/08\/reisedienst-reintjes-georg-kluitmann-300x202.jpg?v=1629974165 300w, https:\/\/www.kle-blatt.de\/blog\/wp-content\/uploads\/2021\/08\/reisedienst-reintjes-georg-kluitmann-768x518.jpg?v=1629974165 768w, https:\/\/www.kle-blatt.de\/blog\/wp-content\/uploads\/2021\/08\/reisedienst-reintjes-georg-kluitmann-79x53.jpg?v=1629974165 79w\" sizes=\"auto, (max-width: 849px) 100vw, 849px\" \/><\/a><br \/>\n(Bild gezeigt von G.Kluitmann)<\/p>\n","protected":false},"excerpt":{"rendered":"<p>Bist Du auch mal mit einem solchen Reisebus gefahren? Ein wundervoller Reisebus von Schwanenritter Reintjes mit Gep\u00e4cktr\u00e4ger auf dem Dach, &hellip; <a href=\"https:\/\/www.kle-blatt.de\/blog\/kleve-in-foto-video\/bist-du-auch-mal-mit-einem-solchen-reisebus-gefahren.html\" class=\"more-link\"><span class=\"more-button\">Weiterlesen<span class=\"screen-reader-text\">Bist Du auch mal mit einem solchen Reisebus gefahren?<\/span><\/span><\/a><\/p>\n","protected":false},"author":2,"featured_media":29251,"comment_status":"open","ping_status":"closed","sticky":false,"template":"","format":"standard","meta":{"footnotes":""},"categories":[3],"tags":[5559],"class_list":["post-29250","post","type-post","status-publish","format-standard","has-post-thumbnail","hentry","category-kleve-in-foto-video","tag-bist-du-auch-mal-mit-einem-solchen-reisebus-gefahren"],"_links":{"self":[{"href":"https:\/\/www.kle-blatt.de\/blog\/wp-json\/wp\/v2\/posts\/29250","targetHints":{"allow":["GET"]}}],"collection":[{"href":"https:\/\/www.kle-blatt.de\/blog\/wp-json\/wp\/v2\/posts"}],"about":[{"href":"https:\/\/www.kle-blatt.de\/blog\/wp-json\/wp\/v2\/types\/post"}],"author":[{"embeddable":true,"href":"https:\/\/www.kle-blatt.de\/blog\/wp-json\/wp\/v2\/users\/2"}],"replies":[{"embeddable":true,"href":"https:\/\/www.kle-blatt.de\/blog\/wp-json\/wp\/v2\/comments?post=29250"}],"version-history":[{"count":1,"href":"https:\/\/www.kle-blatt.de\/blog\/wp-json\/wp\/v2\/posts\/29250\/revisions"}],"predecessor-version":[{"id":29252,"href":"https:\/\/www.kle-blatt.de\/blog\/wp-json\/wp\/v2\/posts\/29250\/revisions\/29252"}],"wp:featuredmedia":[{"embeddable":true,"href":"https:\/\/www.kle-blatt.de\/blog\/wp-json\/wp\/v2\/media\/29251"}],"wp:attachment":[{"href":"https:\/\/www.kle-blatt.de\/blog\/wp-json\/wp\/v2\/media?parent=29250"}],"wp:term":[{"taxonomy":"category","embeddable":true,"href":"https:\/\/www.kle-blatt.de\/blog\/wp-json\/wp\/v2\/categories?post=29250"},{"taxonomy":"post_tag","embeddable":true,"href":"https:\/\/www.kle-blatt.de\/blog\/wp-json\/wp\/v2\/tags?post=29250"}],"curies":[{"name":"wp","href":"https:\/\/api.w.org\/{rel}","templated":true}]}}