{"id":29398,"date":"2021-10-26T06:22:37","date_gmt":"2021-10-26T04:22:37","guid":{"rendered":"https:\/\/www.kle-blatt.de\/blog\/?p=29398"},"modified":"2021-09-29T12:31:53","modified_gmt":"2021-09-29T10:31:53","slug":"gewusst-dass-bundespraesident-heuss-kleve-besuchte","status":"publish","type":"post","link":"https:\/\/www.kle-blatt.de\/blog\/kleve-in-foto-video\/gewusst-dass-bundespraesident-heuss-kleve-besuchte.html","title":{"rendered":"Gewusst, dass Bundespr\u00e4sident Heuss Kleve besuchte?"},"content":{"rendered":"<p><strong>Gewusst, dass Bundespr\u00e4sident Heuss Kleve besuchte?<\/strong><\/p>\n<p>Am 18. Juli 1957 war Theodor Heuss, der erste Bundespr\u00e4sident der Bundesrepublik Deutschland, \u00fcberraschend am Niederrhein zu Gast und besuchte dabei auch Kleve. Der damalige B\u00fcrgermeister der Stadt, Richard van de Loo, empfing derzeit den Gast in der Schwanenstadt. Theodor Heuss wurde vom Volk auch &#8222;Papa&#8220; genannt, wobei Angela Merkel ja aktuell als &#8222;Mutti&#8220; bezeichnet wird.<\/p>\n<p><a href=\"https:\/\/www.kle-blatt.de\/blog\/wp-content\/uploads\/2021\/09\/heuss-van-de-loo-kleve-1957-pn.jpg\"><img loading=\"lazy\" decoding=\"async\" class=\"aligncenter size-full wp-image-29399\" src=\"https:\/\/www.kle-blatt.de\/blog\/wp-content\/uploads\/2021\/09\/heuss-van-de-loo-kleve-1957-pn.jpg\" alt=\"Gewusst, dass Bundespr\u00e4sident Heuss Kleve besuchte?\" width=\"850\" height=\"634\" srcset=\"https:\/\/www.kle-blatt.de\/blog\/wp-content\/uploads\/2021\/09\/heuss-van-de-loo-kleve-1957-pn.jpg?v=1632910967 850w, https:\/\/www.kle-blatt.de\/blog\/wp-content\/uploads\/2021\/09\/heuss-van-de-loo-kleve-1957-pn-300x224.jpg?v=1632910967 300w, https:\/\/www.kle-blatt.de\/blog\/wp-content\/uploads\/2021\/09\/heuss-van-de-loo-kleve-1957-pn-768x573.jpg?v=1632910967 768w\" sizes=\"auto, (max-width: 850px) 100vw, 850px\" \/><\/a><br \/>\n(Foto: Fritz Getlinger \u2013 mit freundlicher Genehmigung von Frau Katrin Getlinger-Wessing)<\/p>\n","protected":false},"excerpt":{"rendered":"<p>Gewusst, dass Bundespr\u00e4sident Heuss Kleve besuchte? Am 18. Juli 1957 war Theodor Heuss, der erste Bundespr\u00e4sident der Bundesrepublik Deutschland, \u00fcberraschend &hellip; <a href=\"https:\/\/www.kle-blatt.de\/blog\/kleve-in-foto-video\/gewusst-dass-bundespraesident-heuss-kleve-besuchte.html\" class=\"more-link\"><span class=\"more-button\">Weiterlesen<span class=\"screen-reader-text\">Gewusst, dass Bundespr\u00e4sident Heuss Kleve besuchte?<\/span><\/span><\/a><\/p>\n","protected":false},"author":2,"featured_media":29399,"comment_status":"open","ping_status":"closed","sticky":false,"template":"","format":"standard","meta":{"footnotes":""},"categories":[3],"tags":[5583,5582],"class_list":["post-29398","post","type-post","status-publish","format-standard","has-post-thumbnail","hentry","category-kleve-in-foto-video","tag-dass-bundespraesident-heuss-kleve-besuchte","tag-gewusst"],"_links":{"self":[{"href":"https:\/\/www.kle-blatt.de\/blog\/wp-json\/wp\/v2\/posts\/29398","targetHints":{"allow":["GET"]}}],"collection":[{"href":"https:\/\/www.kle-blatt.de\/blog\/wp-json\/wp\/v2\/posts"}],"about":[{"href":"https:\/\/www.kle-blatt.de\/blog\/wp-json\/wp\/v2\/types\/post"}],"author":[{"embeddable":true,"href":"https:\/\/www.kle-blatt.de\/blog\/wp-json\/wp\/v2\/users\/2"}],"replies":[{"embeddable":true,"href":"https:\/\/www.kle-blatt.de\/blog\/wp-json\/wp\/v2\/comments?post=29398"}],"version-history":[{"count":1,"href":"https:\/\/www.kle-blatt.de\/blog\/wp-json\/wp\/v2\/posts\/29398\/revisions"}],"predecessor-version":[{"id":29400,"href":"https:\/\/www.kle-blatt.de\/blog\/wp-json\/wp\/v2\/posts\/29398\/revisions\/29400"}],"wp:featuredmedia":[{"embeddable":true,"href":"https:\/\/www.kle-blatt.de\/blog\/wp-json\/wp\/v2\/media\/29399"}],"wp:attachment":[{"href":"https:\/\/www.kle-blatt.de\/blog\/wp-json\/wp\/v2\/media?parent=29398"}],"wp:term":[{"taxonomy":"category","embeddable":true,"href":"https:\/\/www.kle-blatt.de\/blog\/wp-json\/wp\/v2\/categories?post=29398"},{"taxonomy":"post_tag","embeddable":true,"href":"https:\/\/www.kle-blatt.de\/blog\/wp-json\/wp\/v2\/tags?post=29398"}],"curies":[{"name":"wp","href":"https:\/\/api.w.org\/{rel}","templated":true}]}}