{"id":29841,"date":"2022-01-28T06:13:12","date_gmt":"2022-01-28T04:13:12","guid":{"rendered":"https:\/\/www.kle-blatt.de\/blog\/?p=29841"},"modified":"2021-12-21T13:17:48","modified_gmt":"2021-12-21T11:17:48","slug":"dans-op-de-daeael-met-klompen","status":"publish","type":"post","link":"https:\/\/www.kle-blatt.de\/blog\/kleve-in-foto-video\/dans-op-de-daeael-met-klompen.html","title":{"rendered":"Dans op de D\u00e4\u00e4l met Klompen"},"content":{"rendered":"<p><strong>Dans op de D\u00e4\u00e4l met Klompen<\/strong><\/p>\n<p>Mit Kopftuch und Sch\u00fcrze wurde damals der Tanz op de D\u00e4\u00e4l durchgef\u00fchrt. Selbstverst\u00e4ndlich durften auch die markanten Holzschuhe nicht fehlen. Selbst geschnitzt?<\/p>\n<p><a href=\"https:\/\/www.kle-blatt.de\/blog\/wp-content\/uploads\/2021\/12\/danz-op-de-daeael-getlinger.jpg\"><img loading=\"lazy\" decoding=\"async\" class=\"aligncenter size-full wp-image-29842\" src=\"https:\/\/www.kle-blatt.de\/blog\/wp-content\/uploads\/2021\/12\/danz-op-de-daeael-getlinger.jpg\" alt=\"Dans op de D\u00e4\u00e4l met Klompen\" width=\"850\" height=\"1089\" srcset=\"https:\/\/www.kle-blatt.de\/blog\/wp-content\/uploads\/2021\/12\/danz-op-de-daeael-getlinger.jpg?v=1640085203 850w, https:\/\/www.kle-blatt.de\/blog\/wp-content\/uploads\/2021\/12\/danz-op-de-daeael-getlinger-234x300.jpg?v=1640085203 234w, https:\/\/www.kle-blatt.de\/blog\/wp-content\/uploads\/2021\/12\/danz-op-de-daeael-getlinger-799x1024.jpg?v=1640085203 799w, https:\/\/www.kle-blatt.de\/blog\/wp-content\/uploads\/2021\/12\/danz-op-de-daeael-getlinger-768x984.jpg?v=1640085203 768w\" sizes=\"auto, (max-width: 850px) 100vw, 850px\" \/><\/a><br \/>\n(Foto: Fritz Getlinger \u2013 mit freundlicher Genehmigung von Frau Katrin Getlinger-Wessing)<\/p>\n","protected":false},"excerpt":{"rendered":"<p>Dans op de D\u00e4\u00e4l met Klompen Mit Kopftuch und Sch\u00fcrze wurde damals der Tanz op de D\u00e4\u00e4l durchgef\u00fchrt. Selbstverst\u00e4ndlich durften &hellip; <a href=\"https:\/\/www.kle-blatt.de\/blog\/kleve-in-foto-video\/dans-op-de-daeael-met-klompen.html\" class=\"more-link\"><span class=\"more-button\">Weiterlesen<span class=\"screen-reader-text\">Dans op de D\u00e4\u00e4l met Klompen<\/span><\/span><\/a><\/p>\n","protected":false},"author":2,"featured_media":29842,"comment_status":"open","ping_status":"closed","sticky":false,"template":"","format":"standard","meta":{"footnotes":""},"categories":[3],"tags":[5659],"class_list":["post-29841","post","type-post","status-publish","format-standard","has-post-thumbnail","hentry","category-kleve-in-foto-video","tag-dans-op-de-daeael-met-klompen"],"_links":{"self":[{"href":"https:\/\/www.kle-blatt.de\/blog\/wp-json\/wp\/v2\/posts\/29841","targetHints":{"allow":["GET"]}}],"collection":[{"href":"https:\/\/www.kle-blatt.de\/blog\/wp-json\/wp\/v2\/posts"}],"about":[{"href":"https:\/\/www.kle-blatt.de\/blog\/wp-json\/wp\/v2\/types\/post"}],"author":[{"embeddable":true,"href":"https:\/\/www.kle-blatt.de\/blog\/wp-json\/wp\/v2\/users\/2"}],"replies":[{"embeddable":true,"href":"https:\/\/www.kle-blatt.de\/blog\/wp-json\/wp\/v2\/comments?post=29841"}],"version-history":[{"count":1,"href":"https:\/\/www.kle-blatt.de\/blog\/wp-json\/wp\/v2\/posts\/29841\/revisions"}],"predecessor-version":[{"id":29843,"href":"https:\/\/www.kle-blatt.de\/blog\/wp-json\/wp\/v2\/posts\/29841\/revisions\/29843"}],"wp:featuredmedia":[{"embeddable":true,"href":"https:\/\/www.kle-blatt.de\/blog\/wp-json\/wp\/v2\/media\/29842"}],"wp:attachment":[{"href":"https:\/\/www.kle-blatt.de\/blog\/wp-json\/wp\/v2\/media?parent=29841"}],"wp:term":[{"taxonomy":"category","embeddable":true,"href":"https:\/\/www.kle-blatt.de\/blog\/wp-json\/wp\/v2\/categories?post=29841"},{"taxonomy":"post_tag","embeddable":true,"href":"https:\/\/www.kle-blatt.de\/blog\/wp-json\/wp\/v2\/tags?post=29841"}],"curies":[{"name":"wp","href":"https:\/\/api.w.org\/{rel}","templated":true}]}}