{"id":29944,"date":"2022-02-03T06:49:44","date_gmt":"2022-02-03T04:49:44","guid":{"rendered":"https:\/\/www.kle-blatt.de\/blog\/?p=29944"},"modified":"2022-01-21T14:55:23","modified_gmt":"2022-01-21T12:55:23","slug":"erkennst-du-noch-diese-geschaefte-in-kleve-wieder","status":"publish","type":"post","link":"https:\/\/www.kle-blatt.de\/blog\/kleve-in-foto-video\/erkennst-du-noch-diese-geschaefte-in-kleve-wieder.html","title":{"rendered":"Erkennst Du noch diese Gesch\u00e4fte in Kleve wieder?"},"content":{"rendered":"<p><strong>Erkennst Du noch diese Gesch\u00e4fte in Kleve wieder?<\/strong><\/p>\n<p>Das Vordere d\u00fcrfte noch vielen in Erinnerung sein. Das war die Buchhandlung Feldkamp auf der Hagsche Strasse gegen\u00fcber der damaligen Postfiliale. Wer wei\u00df noch, welche Gesch\u00e4fte sich damals dahinter Richtung Unterstadt befanden?<\/p>\n<p><a href=\"https:\/\/www.kle-blatt.de\/blog\/wp-content\/uploads\/2022\/01\/feldkamp1-pn.jpg\"><img loading=\"lazy\" decoding=\"async\" class=\"aligncenter size-full wp-image-29945\" src=\"https:\/\/www.kle-blatt.de\/blog\/wp-content\/uploads\/2022\/01\/feldkamp1-pn.jpg\" alt=\"Erkennst Du noch diese Gesch\u00e4fte in Kleve wieder?\" width=\"850\" height=\"630\" srcset=\"https:\/\/www.kle-blatt.de\/blog\/wp-content\/uploads\/2022\/01\/feldkamp1-pn.jpg?v=1642769428 850w, https:\/\/www.kle-blatt.de\/blog\/wp-content\/uploads\/2022\/01\/feldkamp1-pn-300x222.jpg?v=1642769428 300w, https:\/\/www.kle-blatt.de\/blog\/wp-content\/uploads\/2022\/01\/feldkamp1-pn-768x569.jpg?v=1642769428 768w\" sizes=\"auto, (max-width: 850px) 100vw, 850px\" \/><\/a><\/p>\n","protected":false},"excerpt":{"rendered":"<p>Erkennst Du noch diese Gesch\u00e4fte in Kleve wieder? Das Vordere d\u00fcrfte noch vielen in Erinnerung sein. Das war die Buchhandlung &hellip; <a href=\"https:\/\/www.kle-blatt.de\/blog\/kleve-in-foto-video\/erkennst-du-noch-diese-geschaefte-in-kleve-wieder.html\" class=\"more-link\"><span class=\"more-button\">Weiterlesen<span class=\"screen-reader-text\">Erkennst Du noch diese Gesch\u00e4fte in Kleve wieder?<\/span><\/span><\/a><\/p>\n","protected":false},"author":2,"featured_media":29945,"comment_status":"open","ping_status":"closed","sticky":false,"template":"","format":"standard","meta":{"footnotes":""},"categories":[3],"tags":[5677],"class_list":["post-29944","post","type-post","status-publish","format-standard","has-post-thumbnail","hentry","category-kleve-in-foto-video","tag-erkennst-du-noch-diese-geschaefte-in-kleve-wieder"],"_links":{"self":[{"href":"https:\/\/www.kle-blatt.de\/blog\/wp-json\/wp\/v2\/posts\/29944","targetHints":{"allow":["GET"]}}],"collection":[{"href":"https:\/\/www.kle-blatt.de\/blog\/wp-json\/wp\/v2\/posts"}],"about":[{"href":"https:\/\/www.kle-blatt.de\/blog\/wp-json\/wp\/v2\/types\/post"}],"author":[{"embeddable":true,"href":"https:\/\/www.kle-blatt.de\/blog\/wp-json\/wp\/v2\/users\/2"}],"replies":[{"embeddable":true,"href":"https:\/\/www.kle-blatt.de\/blog\/wp-json\/wp\/v2\/comments?post=29944"}],"version-history":[{"count":1,"href":"https:\/\/www.kle-blatt.de\/blog\/wp-json\/wp\/v2\/posts\/29944\/revisions"}],"predecessor-version":[{"id":29946,"href":"https:\/\/www.kle-blatt.de\/blog\/wp-json\/wp\/v2\/posts\/29944\/revisions\/29946"}],"wp:featuredmedia":[{"embeddable":true,"href":"https:\/\/www.kle-blatt.de\/blog\/wp-json\/wp\/v2\/media\/29945"}],"wp:attachment":[{"href":"https:\/\/www.kle-blatt.de\/blog\/wp-json\/wp\/v2\/media?parent=29944"}],"wp:term":[{"taxonomy":"category","embeddable":true,"href":"https:\/\/www.kle-blatt.de\/blog\/wp-json\/wp\/v2\/categories?post=29944"},{"taxonomy":"post_tag","embeddable":true,"href":"https:\/\/www.kle-blatt.de\/blog\/wp-json\/wp\/v2\/tags?post=29944"}],"curies":[{"name":"wp","href":"https:\/\/api.w.org\/{rel}","templated":true}]}}