{"id":29961,"date":"2022-02-08T06:39:03","date_gmt":"2022-02-08T04:39:03","guid":{"rendered":"https:\/\/www.kle-blatt.de\/blog\/?p=29961"},"modified":"2022-01-27T11:44:49","modified_gmt":"2022-01-27T09:44:49","slug":"erinnerung-an-bessere-zeiten","status":"publish","type":"post","link":"https:\/\/www.kle-blatt.de\/blog\/kleve-in-foto-video\/erinnerung-an-bessere-zeiten.html","title":{"rendered":"Erinnerung an bessere Zeiten?"},"content":{"rendered":"<p><strong>Erinnerung an bessere Zeiten?<\/strong><\/p>\n<p>Es wird vermutlich Stimmen geben, die das nicht so sehen. Daher das Fragezeichen. Man k\u00f6nnte meinen, hier auf der Wiese im Sternbuschbad im Jahre 1980 wird schon f\u00fcr Corona ge\u00fcbt. Die Abst\u00e4nde scheinen eingehalten zu werden. Wer sehnt sich nicht an die Unbeschwertheit zur\u00fcck?<\/p>\n<p><a href=\"https:\/\/www.kle-blatt.de\/blog\/wp-content\/uploads\/2022\/01\/sternbusch-1980-1.jpg\"><img loading=\"lazy\" decoding=\"async\" class=\"aligncenter size-full wp-image-29962\" src=\"https:\/\/www.kle-blatt.de\/blog\/wp-content\/uploads\/2022\/01\/sternbusch-1980-1.jpg\" alt=\"Erinnerung an bessere Zeiten?\" width=\"850\" height=\"847\" srcset=\"https:\/\/www.kle-blatt.de\/blog\/wp-content\/uploads\/2022\/01\/sternbusch-1980-1.jpg?v=1643276388 850w, https:\/\/www.kle-blatt.de\/blog\/wp-content\/uploads\/2022\/01\/sternbusch-1980-1-300x300.jpg?v=1643276388 300w, https:\/\/www.kle-blatt.de\/blog\/wp-content\/uploads\/2022\/01\/sternbusch-1980-1-150x150.jpg?v=1643276388 150w, https:\/\/www.kle-blatt.de\/blog\/wp-content\/uploads\/2022\/01\/sternbusch-1980-1-768x765.jpg?v=1643276388 768w, https:\/\/www.kle-blatt.de\/blog\/wp-content\/uploads\/2022\/01\/sternbusch-1980-1-100x100.jpg?v=1643276388 100w, https:\/\/www.kle-blatt.de\/blog\/wp-content\/uploads\/2022\/01\/sternbusch-1980-1-82x82.jpg?v=1643276388 82w\" sizes=\"auto, (max-width: 850px) 100vw, 850px\" \/><\/a><\/p>\n","protected":false},"excerpt":{"rendered":"<p>Erinnerung an bessere Zeiten? Es wird vermutlich Stimmen geben, die das nicht so sehen. Daher das Fragezeichen. Man k\u00f6nnte meinen, &hellip; <a href=\"https:\/\/www.kle-blatt.de\/blog\/kleve-in-foto-video\/erinnerung-an-bessere-zeiten.html\" class=\"more-link\"><span class=\"more-button\">Weiterlesen<span class=\"screen-reader-text\">Erinnerung an bessere Zeiten?<\/span><\/span><\/a><\/p>\n","protected":false},"author":2,"featured_media":29962,"comment_status":"open","ping_status":"closed","sticky":false,"template":"","format":"standard","meta":{"footnotes":""},"categories":[3],"tags":[5681],"class_list":["post-29961","post","type-post","status-publish","format-standard","has-post-thumbnail","hentry","category-kleve-in-foto-video","tag-erinnerung-an-bessere-zeiten"],"_links":{"self":[{"href":"https:\/\/www.kle-blatt.de\/blog\/wp-json\/wp\/v2\/posts\/29961","targetHints":{"allow":["GET"]}}],"collection":[{"href":"https:\/\/www.kle-blatt.de\/blog\/wp-json\/wp\/v2\/posts"}],"about":[{"href":"https:\/\/www.kle-blatt.de\/blog\/wp-json\/wp\/v2\/types\/post"}],"author":[{"embeddable":true,"href":"https:\/\/www.kle-blatt.de\/blog\/wp-json\/wp\/v2\/users\/2"}],"replies":[{"embeddable":true,"href":"https:\/\/www.kle-blatt.de\/blog\/wp-json\/wp\/v2\/comments?post=29961"}],"version-history":[{"count":1,"href":"https:\/\/www.kle-blatt.de\/blog\/wp-json\/wp\/v2\/posts\/29961\/revisions"}],"predecessor-version":[{"id":29963,"href":"https:\/\/www.kle-blatt.de\/blog\/wp-json\/wp\/v2\/posts\/29961\/revisions\/29963"}],"wp:featuredmedia":[{"embeddable":true,"href":"https:\/\/www.kle-blatt.de\/blog\/wp-json\/wp\/v2\/media\/29962"}],"wp:attachment":[{"href":"https:\/\/www.kle-blatt.de\/blog\/wp-json\/wp\/v2\/media?parent=29961"}],"wp:term":[{"taxonomy":"category","embeddable":true,"href":"https:\/\/www.kle-blatt.de\/blog\/wp-json\/wp\/v2\/categories?post=29961"},{"taxonomy":"post_tag","embeddable":true,"href":"https:\/\/www.kle-blatt.de\/blog\/wp-json\/wp\/v2\/tags?post=29961"}],"curies":[{"name":"wp","href":"https:\/\/api.w.org\/{rel}","templated":true}]}}