{"id":30285,"date":"2022-04-20T06:16:48","date_gmt":"2022-04-20T04:16:48","guid":{"rendered":"https:\/\/www.kle-blatt.de\/blog\/?p=30285"},"modified":"2022-03-15T12:21:08","modified_gmt":"2022-03-15T10:21:08","slug":"bist-du-auch-mitglied-in-einem-schuetzenverein","status":"publish","type":"post","link":"https:\/\/www.kle-blatt.de\/blog\/kleve-in-foto-video\/bist-du-auch-mitglied-in-einem-schuetzenverein.html","title":{"rendered":"Bist Du auch Mitglied in einem Sch\u00fctzenverein?"},"content":{"rendered":"<p><strong>Bist Du auch Mitglied in einem Sch\u00fctzenverein?<\/strong><\/p>\n<p>Aus bekannten Gr\u00fcnden finden keine Sch\u00fctzenz\u00fcge mehr statt (oder doch?). Daher hier ein Bild aus eventuell besseren Zeiten, n\u00e4mlich dem Jahr 1958, als dieser Sch\u00fctzenzug in guter Tradition am Alten Park vorbei zog.<\/p>\n<p><a href=\"https:\/\/www.kle-blatt.de\/blog\/wp-content\/uploads\/2022\/03\/Schuetzenzug-1958-auf-Hoehe-des-heutigen-Alter-Park-pn.jpg\"><img loading=\"lazy\" decoding=\"async\" class=\"aligncenter size-full wp-image-30286\" src=\"https:\/\/www.kle-blatt.de\/blog\/wp-content\/uploads\/2022\/03\/Schuetzenzug-1958-auf-Hoehe-des-heutigen-Alter-Park-pn.jpg\" alt=\"Bist Du auch Mitglied in einem Sch\u00fctzenverein?\" width=\"850\" height=\"534\" srcset=\"https:\/\/www.kle-blatt.de\/blog\/wp-content\/uploads\/2022\/03\/Schuetzenzug-1958-auf-Hoehe-des-heutigen-Alter-Park-pn.jpg?v=1647339428 850w, https:\/\/www.kle-blatt.de\/blog\/wp-content\/uploads\/2022\/03\/Schuetzenzug-1958-auf-Hoehe-des-heutigen-Alter-Park-pn-300x188.jpg?v=1647339428 300w, https:\/\/www.kle-blatt.de\/blog\/wp-content\/uploads\/2022\/03\/Schuetzenzug-1958-auf-Hoehe-des-heutigen-Alter-Park-pn-768x482.jpg?v=1647339428 768w\" sizes=\"auto, (max-width: 850px) 100vw, 850px\" \/><\/a><br \/>\n(Bild gezeigt von Peter Nengel)<\/p>\n","protected":false},"excerpt":{"rendered":"<p>Bist Du auch Mitglied in einem Sch\u00fctzenverein? Aus bekannten Gr\u00fcnden finden keine Sch\u00fctzenz\u00fcge mehr statt (oder doch?). Daher hier ein &hellip; <a href=\"https:\/\/www.kle-blatt.de\/blog\/kleve-in-foto-video\/bist-du-auch-mitglied-in-einem-schuetzenverein.html\" class=\"more-link\"><span class=\"more-button\">Weiterlesen<span class=\"screen-reader-text\">Bist Du auch Mitglied in einem Sch\u00fctzenverein?<\/span><\/span><\/a><\/p>\n","protected":false},"author":2,"featured_media":30286,"comment_status":"open","ping_status":"closed","sticky":false,"template":"","format":"standard","meta":{"footnotes":""},"categories":[3,4],"tags":[5724],"class_list":["post-30285","post","type-post","status-publish","format-standard","has-post-thumbnail","hentry","category-kleve-in-foto-video","category-kultur","tag-bist-du-auch-mitglied-in-einem-schuetzenverein"],"_links":{"self":[{"href":"https:\/\/www.kle-blatt.de\/blog\/wp-json\/wp\/v2\/posts\/30285","targetHints":{"allow":["GET"]}}],"collection":[{"href":"https:\/\/www.kle-blatt.de\/blog\/wp-json\/wp\/v2\/posts"}],"about":[{"href":"https:\/\/www.kle-blatt.de\/blog\/wp-json\/wp\/v2\/types\/post"}],"author":[{"embeddable":true,"href":"https:\/\/www.kle-blatt.de\/blog\/wp-json\/wp\/v2\/users\/2"}],"replies":[{"embeddable":true,"href":"https:\/\/www.kle-blatt.de\/blog\/wp-json\/wp\/v2\/comments?post=30285"}],"version-history":[{"count":1,"href":"https:\/\/www.kle-blatt.de\/blog\/wp-json\/wp\/v2\/posts\/30285\/revisions"}],"predecessor-version":[{"id":30287,"href":"https:\/\/www.kle-blatt.de\/blog\/wp-json\/wp\/v2\/posts\/30285\/revisions\/30287"}],"wp:featuredmedia":[{"embeddable":true,"href":"https:\/\/www.kle-blatt.de\/blog\/wp-json\/wp\/v2\/media\/30286"}],"wp:attachment":[{"href":"https:\/\/www.kle-blatt.de\/blog\/wp-json\/wp\/v2\/media?parent=30285"}],"wp:term":[{"taxonomy":"category","embeddable":true,"href":"https:\/\/www.kle-blatt.de\/blog\/wp-json\/wp\/v2\/categories?post=30285"},{"taxonomy":"post_tag","embeddable":true,"href":"https:\/\/www.kle-blatt.de\/blog\/wp-json\/wp\/v2\/tags?post=30285"}],"curies":[{"name":"wp","href":"https:\/\/api.w.org\/{rel}","templated":true}]}}