{"id":30450,"date":"2022-05-28T06:23:01","date_gmt":"2022-05-28T04:23:01","guid":{"rendered":"https:\/\/www.kle-blatt.de\/blog\/?p=30450"},"modified":"2022-04-27T12:26:55","modified_gmt":"2022-04-27T10:26:55","slug":"der-schwanenturm-im-fruehling","status":"publish","type":"post","link":"https:\/\/www.kle-blatt.de\/blog\/kleve-in-foto-video\/der-schwanenturm-im-fruehling.html","title":{"rendered":"Der Schwanenturm im Fr\u00fchling"},"content":{"rendered":"<p><strong>Der Schwanenturm im Fr\u00fchling<\/strong><\/p>\n<p>Ein altes Fr\u00fchlingsbild zeigt uns im Vordergrund die Bl\u00fcte eines Baumes. Dahinter sehen wir die Evangelische Kirche, die vom Schwanenturm \u00fcberragt wird. So sah es auch mal aus in Kleve.<\/p>\n<p><a href=\"https:\/\/www.kle-blatt.de\/blog\/wp-content\/uploads\/2022\/04\/schwanenburg-im-fruehling.jpg\"><img loading=\"lazy\" decoding=\"async\" class=\"aligncenter size-full wp-image-30451\" src=\"https:\/\/www.kle-blatt.de\/blog\/wp-content\/uploads\/2022\/04\/schwanenburg-im-fruehling.jpg\" alt=\"Der Schwanenturm im Fr\u00fchling\" width=\"850\" height=\"1227\" srcset=\"https:\/\/www.kle-blatt.de\/blog\/wp-content\/uploads\/2022\/04\/schwanenburg-im-fruehling.jpg?v=1651054992 850w, https:\/\/www.kle-blatt.de\/blog\/wp-content\/uploads\/2022\/04\/schwanenburg-im-fruehling-208x300.jpg?v=1651054992 208w, https:\/\/www.kle-blatt.de\/blog\/wp-content\/uploads\/2022\/04\/schwanenburg-im-fruehling-709x1024.jpg?v=1651054992 709w, https:\/\/www.kle-blatt.de\/blog\/wp-content\/uploads\/2022\/04\/schwanenburg-im-fruehling-768x1109.jpg?v=1651054992 768w\" sizes=\"auto, (max-width: 850px) 100vw, 850px\" \/><\/a><\/p>\n","protected":false},"excerpt":{"rendered":"<p>Der Schwanenturm im Fr\u00fchling Ein altes Fr\u00fchlingsbild zeigt uns im Vordergrund die Bl\u00fcte eines Baumes. Dahinter sehen wir die Evangelische &hellip; <a href=\"https:\/\/www.kle-blatt.de\/blog\/kleve-in-foto-video\/der-schwanenturm-im-fruehling.html\" class=\"more-link\"><span class=\"more-button\">Weiterlesen<span class=\"screen-reader-text\">Der Schwanenturm im Fr\u00fchling<\/span><\/span><\/a><\/p>\n","protected":false},"author":2,"featured_media":30451,"comment_status":"open","ping_status":"closed","sticky":false,"template":"","format":"standard","meta":{"footnotes":""},"categories":[3],"tags":[5757],"class_list":["post-30450","post","type-post","status-publish","format-standard","has-post-thumbnail","hentry","category-kleve-in-foto-video","tag-der-schwanenturm-im-fruehling"],"_links":{"self":[{"href":"https:\/\/www.kle-blatt.de\/blog\/wp-json\/wp\/v2\/posts\/30450","targetHints":{"allow":["GET"]}}],"collection":[{"href":"https:\/\/www.kle-blatt.de\/blog\/wp-json\/wp\/v2\/posts"}],"about":[{"href":"https:\/\/www.kle-blatt.de\/blog\/wp-json\/wp\/v2\/types\/post"}],"author":[{"embeddable":true,"href":"https:\/\/www.kle-blatt.de\/blog\/wp-json\/wp\/v2\/users\/2"}],"replies":[{"embeddable":true,"href":"https:\/\/www.kle-blatt.de\/blog\/wp-json\/wp\/v2\/comments?post=30450"}],"version-history":[{"count":1,"href":"https:\/\/www.kle-blatt.de\/blog\/wp-json\/wp\/v2\/posts\/30450\/revisions"}],"predecessor-version":[{"id":30452,"href":"https:\/\/www.kle-blatt.de\/blog\/wp-json\/wp\/v2\/posts\/30450\/revisions\/30452"}],"wp:featuredmedia":[{"embeddable":true,"href":"https:\/\/www.kle-blatt.de\/blog\/wp-json\/wp\/v2\/media\/30451"}],"wp:attachment":[{"href":"https:\/\/www.kle-blatt.de\/blog\/wp-json\/wp\/v2\/media?parent=30450"}],"wp:term":[{"taxonomy":"category","embeddable":true,"href":"https:\/\/www.kle-blatt.de\/blog\/wp-json\/wp\/v2\/categories?post=30450"},{"taxonomy":"post_tag","embeddable":true,"href":"https:\/\/www.kle-blatt.de\/blog\/wp-json\/wp\/v2\/tags?post=30450"}],"curies":[{"name":"wp","href":"https:\/\/api.w.org\/{rel}","templated":true}]}}