{"id":30632,"date":"2022-07-17T05:50:53","date_gmt":"2022-07-17T03:50:53","guid":{"rendered":"https:\/\/www.kle-blatt.de\/blog\/?p=30632"},"modified":"2022-06-11T11:00:31","modified_gmt":"2022-06-11T09:00:31","slug":"electric-visions-cleve-open-air-2022-im-klever-forstgarten","status":"publish","type":"post","link":"https:\/\/www.kle-blatt.de\/blog\/kultur\/klever-musik-und-diskoszene\/electric-visions-cleve-open-air-2022-im-klever-forstgarten.html","title":{"rendered":"Electric Visions Cleve Open Air 2022 im Klever Forstgarten"},"content":{"rendered":"<p><strong>Electric Visions Cleve Open Air 2022 im Klever Forstgarten<\/strong><\/p>\n<p><strong>Es findet heute von 12.00 Uhr bis 13.30 Uhr statt.und ist kostenfrei.<\/strong><\/p>\n<p>Electric Visions Cleve das Musiklabel am Niederrhein pr\u00e4sentiert das Sommer Open Air 2022 f\u00fcr die ganze Familie mit vielen verschiedenen Musikern und Genres des Labels. Bei ihnen gibt es keine Grenzen: auch Musiker mit Handicap haben in dem Programm ihren verdienten Platz, was den Betreibern sehr am Herzen liegt.<\/p>\n<p>Nach dem Erfolg im Jahre 2019 im Klever Forstgarten ist man froh, dass es dieses Jahr endlich wieder geklappt hat und man freut sich sehr, das bunte Programm pr\u00e4sentieren zu k\u00f6nnen. Es sind wieder tolle G\u00e4ste mit dabei &#8211; bekannt aus Deutschland sucht den Superstar und dem Reality TV. Auch wird man in diesem Jahr wieder f\u00fcr die kleinen G\u00e4ste Kinderschminken und weitere Aktionen anbieten. F\u00fcr das leibliche Wohl ist mit einem Kuchen- und Getr\u00e4nkestand gesorgt.<\/p>\n<p><a href=\"https:\/\/www.kle-blatt.de\/blog\/wp-content\/uploads\/2022\/06\/konzert-kleve.jpg\"><img loading=\"lazy\" decoding=\"async\" class=\"aligncenter size-full wp-image-30633\" src=\"https:\/\/www.kle-blatt.de\/blog\/wp-content\/uploads\/2022\/06\/konzert-kleve.jpg\" alt=\"Electric Visions Cleve Open Air 2022 im Klever Forstgarten\" width=\"850\" height=\"609\" srcset=\"https:\/\/www.kle-blatt.de\/blog\/wp-content\/uploads\/2022\/06\/konzert-kleve.jpg?v=1654937909 850w, https:\/\/www.kle-blatt.de\/blog\/wp-content\/uploads\/2022\/06\/konzert-kleve-300x215.jpg?v=1654937909 300w, https:\/\/www.kle-blatt.de\/blog\/wp-content\/uploads\/2022\/06\/konzert-kleve-768x550.jpg?v=1654937909 768w\" sizes=\"auto, (max-width: 850px) 100vw, 850px\" \/><\/a><br \/>\n(Foto: KLE-Blatt)<\/p>\n","protected":false},"excerpt":{"rendered":"<p>Electric Visions Cleve Open Air 2022 im Klever Forstgarten Es findet heute von 12.00 Uhr bis 13.30 Uhr statt.und ist &hellip; <a href=\"https:\/\/www.kle-blatt.de\/blog\/kultur\/klever-musik-und-diskoszene\/electric-visions-cleve-open-air-2022-im-klever-forstgarten.html\" class=\"more-link\"><span class=\"more-button\">Weiterlesen<span class=\"screen-reader-text\">Electric Visions Cleve Open Air 2022 im Klever Forstgarten<\/span><\/span><\/a><\/p>\n","protected":false},"author":2,"featured_media":30633,"comment_status":"open","ping_status":"closed","sticky":false,"template":"","format":"standard","meta":{"footnotes":""},"categories":[5279],"tags":[5784],"class_list":["post-30632","post","type-post","status-publish","format-standard","has-post-thumbnail","hentry","category-klever-musik-und-diskoszene","tag-electric-visions-cleve-open-air-2022-im-klever-forstgarten"],"_links":{"self":[{"href":"https:\/\/www.kle-blatt.de\/blog\/wp-json\/wp\/v2\/posts\/30632","targetHints":{"allow":["GET"]}}],"collection":[{"href":"https:\/\/www.kle-blatt.de\/blog\/wp-json\/wp\/v2\/posts"}],"about":[{"href":"https:\/\/www.kle-blatt.de\/blog\/wp-json\/wp\/v2\/types\/post"}],"author":[{"embeddable":true,"href":"https:\/\/www.kle-blatt.de\/blog\/wp-json\/wp\/v2\/users\/2"}],"replies":[{"embeddable":true,"href":"https:\/\/www.kle-blatt.de\/blog\/wp-json\/wp\/v2\/comments?post=30632"}],"version-history":[{"count":1,"href":"https:\/\/www.kle-blatt.de\/blog\/wp-json\/wp\/v2\/posts\/30632\/revisions"}],"predecessor-version":[{"id":30634,"href":"https:\/\/www.kle-blatt.de\/blog\/wp-json\/wp\/v2\/posts\/30632\/revisions\/30634"}],"wp:featuredmedia":[{"embeddable":true,"href":"https:\/\/www.kle-blatt.de\/blog\/wp-json\/wp\/v2\/media\/30633"}],"wp:attachment":[{"href":"https:\/\/www.kle-blatt.de\/blog\/wp-json\/wp\/v2\/media?parent=30632"}],"wp:term":[{"taxonomy":"category","embeddable":true,"href":"https:\/\/www.kle-blatt.de\/blog\/wp-json\/wp\/v2\/categories?post=30632"},{"taxonomy":"post_tag","embeddable":true,"href":"https:\/\/www.kle-blatt.de\/blog\/wp-json\/wp\/v2\/tags?post=30632"}],"curies":[{"name":"wp","href":"https:\/\/api.w.org\/{rel}","templated":true}]}}