{"id":30690,"date":"2022-07-05T06:06:43","date_gmt":"2022-07-05T04:06:43","guid":{"rendered":"https:\/\/www.kle-blatt.de\/blog\/?p=30690"},"modified":"2022-06-24T15:00:11","modified_gmt":"2022-06-24T13:00:11","slug":"wer-weiss-noch-wo-der-gasthof-adler-war","status":"publish","type":"post","link":"https:\/\/www.kle-blatt.de\/blog\/kleve-in-foto-video\/aus-dem-privatalbum\/wer-weiss-noch-wo-der-gasthof-adler-war.html","title":{"rendered":"Wer wei\u00df noch wo der Gasthof Adler war?"},"content":{"rendered":"<p><strong>Wer wei\u00df noch wo der Gasthof Adler war?<\/strong><\/p>\n<p>Ein Fahrrad lehnt l\u00e4ssig an der Hauswand und direkt dar\u00fcber erblickt man den namensgebenden Adler. Wer wei\u00df noch, wo sich dieser Gasthof in Kleve befand?<\/p>\n<p><a href=\"https:\/\/www.kle-blatt.de\/blog\/wp-content\/uploads\/2022\/06\/gasthof-adler-frank-pitsch.jpg\"><img loading=\"lazy\" decoding=\"async\" class=\"aligncenter size-full wp-image-30691\" src=\"https:\/\/www.kle-blatt.de\/blog\/wp-content\/uploads\/2022\/06\/gasthof-adler-frank-pitsch.jpg\" alt=\"Wer wei\u00df noch wo der Gasthof Adler war?\" width=\"850\" height=\"1406\" srcset=\"https:\/\/www.kle-blatt.de\/blog\/wp-content\/uploads\/2022\/06\/gasthof-adler-frank-pitsch.jpg?v=1656075337 850w, https:\/\/www.kle-blatt.de\/blog\/wp-content\/uploads\/2022\/06\/gasthof-adler-frank-pitsch-181x300.jpg?v=1656075337 181w, https:\/\/www.kle-blatt.de\/blog\/wp-content\/uploads\/2022\/06\/gasthof-adler-frank-pitsch-619x1024.jpg?v=1656075337 619w, https:\/\/www.kle-blatt.de\/blog\/wp-content\/uploads\/2022\/06\/gasthof-adler-frank-pitsch-768x1270.jpg?v=1656075337 768w\" sizes=\"auto, (max-width: 850px) 100vw, 850px\" \/><\/a><br \/>\n(Foto: Frank Pitsch)<\/p>\n","protected":false},"excerpt":{"rendered":"<p>Wer wei\u00df noch wo der Gasthof Adler war? Ein Fahrrad lehnt l\u00e4ssig an der Hauswand und direkt dar\u00fcber erblickt man &hellip; <a href=\"https:\/\/www.kle-blatt.de\/blog\/kleve-in-foto-video\/aus-dem-privatalbum\/wer-weiss-noch-wo-der-gasthof-adler-war.html\" class=\"more-link\"><span class=\"more-button\">Weiterlesen<span class=\"screen-reader-text\">Wer wei\u00df noch wo der Gasthof Adler war?<\/span><\/span><\/a><\/p>\n","protected":false},"author":2,"featured_media":30691,"comment_status":"open","ping_status":"closed","sticky":false,"template":"","format":"standard","meta":{"footnotes":""},"categories":[20],"tags":[5799],"class_list":["post-30690","post","type-post","status-publish","format-standard","has-post-thumbnail","hentry","category-aus-dem-privatalbum","tag-wer-weiss-noch-wo-der-gasthof-adler-war"],"_links":{"self":[{"href":"https:\/\/www.kle-blatt.de\/blog\/wp-json\/wp\/v2\/posts\/30690","targetHints":{"allow":["GET"]}}],"collection":[{"href":"https:\/\/www.kle-blatt.de\/blog\/wp-json\/wp\/v2\/posts"}],"about":[{"href":"https:\/\/www.kle-blatt.de\/blog\/wp-json\/wp\/v2\/types\/post"}],"author":[{"embeddable":true,"href":"https:\/\/www.kle-blatt.de\/blog\/wp-json\/wp\/v2\/users\/2"}],"replies":[{"embeddable":true,"href":"https:\/\/www.kle-blatt.de\/blog\/wp-json\/wp\/v2\/comments?post=30690"}],"version-history":[{"count":1,"href":"https:\/\/www.kle-blatt.de\/blog\/wp-json\/wp\/v2\/posts\/30690\/revisions"}],"predecessor-version":[{"id":30692,"href":"https:\/\/www.kle-blatt.de\/blog\/wp-json\/wp\/v2\/posts\/30690\/revisions\/30692"}],"wp:featuredmedia":[{"embeddable":true,"href":"https:\/\/www.kle-blatt.de\/blog\/wp-json\/wp\/v2\/media\/30691"}],"wp:attachment":[{"href":"https:\/\/www.kle-blatt.de\/blog\/wp-json\/wp\/v2\/media?parent=30690"}],"wp:term":[{"taxonomy":"category","embeddable":true,"href":"https:\/\/www.kle-blatt.de\/blog\/wp-json\/wp\/v2\/categories?post=30690"},{"taxonomy":"post_tag","embeddable":true,"href":"https:\/\/www.kle-blatt.de\/blog\/wp-json\/wp\/v2\/tags?post=30690"}],"curies":[{"name":"wp","href":"https:\/\/api.w.org\/{rel}","templated":true}]}}