{"id":31111,"date":"2022-10-26T06:46:52","date_gmt":"2022-10-26T04:46:52","guid":{"rendered":"https:\/\/www.kle-blatt.de\/blog\/?p=31111"},"modified":"2022-09-29T11:54:03","modified_gmt":"2022-09-29T09:54:03","slug":"ja-es-ist-tatsaechlich-kleve-aber-wo","status":"publish","type":"post","link":"https:\/\/www.kle-blatt.de\/blog\/kleve-in-foto-video\/ja-es-ist-tatsaechlich-kleve-aber-wo.html","title":{"rendered":"Ja, es ist tats\u00e4chlich Kleve &#8211; aber wo?"},"content":{"rendered":"<p><strong>Ja, es ist tats\u00e4chlich Kleve &#8211; aber wo?<\/strong><\/p>\n<p>Klar, das Bild stammt aus der Vergangenheit und es ist schon etliche J\u00e4hrchen her, als diese Aufnahme geschossen wurde.<br \/>\nNun &#8211; f\u00fcr alle, die diese Aussicht nicht kennen, die es aber genauer wissen m\u00f6chten, hier die Aufl\u00f6sung:<br \/>\nWir befinden uns hier in der Unterstadt und sehen in der Mitte ein gro\u00dfes Geb\u00e4ude. Dabei handelte es sich um das damalige Kinderheim M\u00fcnze, welches vorher tats\u00e4chlich eine Pr\u00e4geanstalt f\u00fcr M\u00fcnzen war. Es stand dort, wo sich jetzt in Etwa der Stadthallenparkplatz befindet.<\/p>\n<p><a href=\"https:\/\/www.kle-blatt.de\/blog\/wp-content\/uploads\/2022\/09\/unterstadt-muenze-nengel.jpg\"><img loading=\"lazy\" decoding=\"async\" class=\"aligncenter size-full wp-image-31112\" src=\"https:\/\/www.kle-blatt.de\/blog\/wp-content\/uploads\/2022\/09\/unterstadt-muenze-nengel.jpg\" alt=\"Ja, es ist tats\u00e4chlich Kleve - aber wo?\" width=\"850\" height=\"605\" srcset=\"https:\/\/www.kle-blatt.de\/blog\/wp-content\/uploads\/2022\/09\/unterstadt-muenze-nengel.jpg?v=1664444844 850w, https:\/\/www.kle-blatt.de\/blog\/wp-content\/uploads\/2022\/09\/unterstadt-muenze-nengel-300x214.jpg?v=1664444844 300w, https:\/\/www.kle-blatt.de\/blog\/wp-content\/uploads\/2022\/09\/unterstadt-muenze-nengel-768x547.jpg?v=1664444844 768w\" sizes=\"auto, (max-width: 850px) 100vw, 850px\" \/><\/a><br \/>\n(Foto gezeigt von Peter Nengel)<\/p>\n","protected":false},"excerpt":{"rendered":"<p>Ja, es ist tats\u00e4chlich Kleve &#8211; aber wo? Klar, das Bild stammt aus der Vergangenheit und es ist schon etliche &hellip; <a href=\"https:\/\/www.kle-blatt.de\/blog\/kleve-in-foto-video\/ja-es-ist-tatsaechlich-kleve-aber-wo.html\" class=\"more-link\"><span class=\"more-button\">Weiterlesen<span class=\"screen-reader-text\">Ja, es ist tats\u00e4chlich Kleve &#8211; aber wo?<\/span><\/span><\/a><\/p>\n","protected":false},"author":2,"featured_media":31112,"comment_status":"open","ping_status":"closed","sticky":false,"template":"","format":"standard","meta":{"footnotes":""},"categories":[3],"tags":[5840,5839],"class_list":["post-31111","post","type-post","status-publish","format-standard","has-post-thumbnail","hentry","category-kleve-in-foto-video","tag-es-ist-tatsaechlich-kleve-aber-wo","tag-ja"],"_links":{"self":[{"href":"https:\/\/www.kle-blatt.de\/blog\/wp-json\/wp\/v2\/posts\/31111","targetHints":{"allow":["GET"]}}],"collection":[{"href":"https:\/\/www.kle-blatt.de\/blog\/wp-json\/wp\/v2\/posts"}],"about":[{"href":"https:\/\/www.kle-blatt.de\/blog\/wp-json\/wp\/v2\/types\/post"}],"author":[{"embeddable":true,"href":"https:\/\/www.kle-blatt.de\/blog\/wp-json\/wp\/v2\/users\/2"}],"replies":[{"embeddable":true,"href":"https:\/\/www.kle-blatt.de\/blog\/wp-json\/wp\/v2\/comments?post=31111"}],"version-history":[{"count":1,"href":"https:\/\/www.kle-blatt.de\/blog\/wp-json\/wp\/v2\/posts\/31111\/revisions"}],"predecessor-version":[{"id":31113,"href":"https:\/\/www.kle-blatt.de\/blog\/wp-json\/wp\/v2\/posts\/31111\/revisions\/31113"}],"wp:featuredmedia":[{"embeddable":true,"href":"https:\/\/www.kle-blatt.de\/blog\/wp-json\/wp\/v2\/media\/31112"}],"wp:attachment":[{"href":"https:\/\/www.kle-blatt.de\/blog\/wp-json\/wp\/v2\/media?parent=31111"}],"wp:term":[{"taxonomy":"category","embeddable":true,"href":"https:\/\/www.kle-blatt.de\/blog\/wp-json\/wp\/v2\/categories?post=31111"},{"taxonomy":"post_tag","embeddable":true,"href":"https:\/\/www.kle-blatt.de\/blog\/wp-json\/wp\/v2\/tags?post=31111"}],"curies":[{"name":"wp","href":"https:\/\/api.w.org\/{rel}","templated":true}]}}