{"id":31114,"date":"2022-10-28T06:58:07","date_gmt":"2022-10-28T04:58:07","guid":{"rendered":"https:\/\/www.kle-blatt.de\/blog\/?p=31114"},"modified":"2022-09-29T12:02:26","modified_gmt":"2022-09-29T10:02:26","slug":"war-das-ein-faehrschiff-zwischen-emmerich-kleve","status":"publish","type":"post","link":"https:\/\/www.kle-blatt.de\/blog\/kleve-in-foto-video\/war-das-ein-faehrschiff-zwischen-emmerich-kleve.html","title":{"rendered":"War das ein F\u00e4hrschiff zwischen Emmerich + Kleve?"},"content":{"rendered":"<p><strong>War das ein F\u00e4hrschiff zwischen Emmerich + Kleve?<\/strong><\/p>\n<p>Es sah toll aus und scheint ein Dampfschiff gewesen zu sein. War das eine F\u00e4hre? Und was bedeutete dieses Teil vorne mit der Doppelt\u00fcr? Etwa ein WC? Wer kann N\u00e4heres berichten?<\/p>\n<p><a href=\"https:\/\/www.kle-blatt.de\/blog\/wp-content\/uploads\/2022\/09\/faehre-emmerich.jpg\"><img loading=\"lazy\" decoding=\"async\" class=\"aligncenter size-full wp-image-31115\" src=\"https:\/\/www.kle-blatt.de\/blog\/wp-content\/uploads\/2022\/09\/faehre-emmerich.jpg\" alt=\"War das ein F\u00e4hrschiff zwischen Emmerich + Kleve?\" width=\"849\" height=\"546\" srcset=\"https:\/\/www.kle-blatt.de\/blog\/wp-content\/uploads\/2022\/09\/faehre-emmerich.jpg?v=1664445513 849w, https:\/\/www.kle-blatt.de\/blog\/wp-content\/uploads\/2022\/09\/faehre-emmerich-300x193.jpg?v=1664445513 300w, https:\/\/www.kle-blatt.de\/blog\/wp-content\/uploads\/2022\/09\/faehre-emmerich-768x494.jpg?v=1664445513 768w\" sizes=\"auto, (max-width: 849px) 100vw, 849px\" \/><\/a><\/p>\n","protected":false},"excerpt":{"rendered":"<p>War das ein F\u00e4hrschiff zwischen Emmerich + Kleve? Es sah toll aus und scheint ein Dampfschiff gewesen zu sein. War &hellip; <a href=\"https:\/\/www.kle-blatt.de\/blog\/kleve-in-foto-video\/war-das-ein-faehrschiff-zwischen-emmerich-kleve.html\" class=\"more-link\"><span class=\"more-button\">Weiterlesen<span class=\"screen-reader-text\">War das ein F\u00e4hrschiff zwischen Emmerich + Kleve?<\/span><\/span><\/a><\/p>\n","protected":false},"author":2,"featured_media":31115,"comment_status":"open","ping_status":"closed","sticky":false,"template":"","format":"standard","meta":{"footnotes":""},"categories":[3],"tags":[5841],"class_list":["post-31114","post","type-post","status-publish","format-standard","has-post-thumbnail","hentry","category-kleve-in-foto-video","tag-war-das-ein-faehrschiff-zwischen-emmerich-kleve"],"_links":{"self":[{"href":"https:\/\/www.kle-blatt.de\/blog\/wp-json\/wp\/v2\/posts\/31114","targetHints":{"allow":["GET"]}}],"collection":[{"href":"https:\/\/www.kle-blatt.de\/blog\/wp-json\/wp\/v2\/posts"}],"about":[{"href":"https:\/\/www.kle-blatt.de\/blog\/wp-json\/wp\/v2\/types\/post"}],"author":[{"embeddable":true,"href":"https:\/\/www.kle-blatt.de\/blog\/wp-json\/wp\/v2\/users\/2"}],"replies":[{"embeddable":true,"href":"https:\/\/www.kle-blatt.de\/blog\/wp-json\/wp\/v2\/comments?post=31114"}],"version-history":[{"count":1,"href":"https:\/\/www.kle-blatt.de\/blog\/wp-json\/wp\/v2\/posts\/31114\/revisions"}],"predecessor-version":[{"id":31116,"href":"https:\/\/www.kle-blatt.de\/blog\/wp-json\/wp\/v2\/posts\/31114\/revisions\/31116"}],"wp:featuredmedia":[{"embeddable":true,"href":"https:\/\/www.kle-blatt.de\/blog\/wp-json\/wp\/v2\/media\/31115"}],"wp:attachment":[{"href":"https:\/\/www.kle-blatt.de\/blog\/wp-json\/wp\/v2\/media?parent=31114"}],"wp:term":[{"taxonomy":"category","embeddable":true,"href":"https:\/\/www.kle-blatt.de\/blog\/wp-json\/wp\/v2\/categories?post=31114"},{"taxonomy":"post_tag","embeddable":true,"href":"https:\/\/www.kle-blatt.de\/blog\/wp-json\/wp\/v2\/tags?post=31114"}],"curies":[{"name":"wp","href":"https:\/\/api.w.org\/{rel}","templated":true}]}}