{"id":31220,"date":"2022-11-14T06:41:39","date_gmt":"2022-11-14T04:41:39","guid":{"rendered":"https:\/\/www.kle-blatt.de\/blog\/?p=31220"},"modified":"2022-10-24T10:48:09","modified_gmt":"2022-10-24T08:48:09","slug":"wer-hat-den-gruenen-zug-noch-fahren-gesehen","status":"publish","type":"post","link":"https:\/\/www.kle-blatt.de\/blog\/kleve-in-foto-video\/aus-dem-privatalbum\/wer-hat-den-gruenen-zug-noch-fahren-gesehen.html","title":{"rendered":"Wer hat den gr\u00fcnen Zug noch fahren gesehen?"},"content":{"rendered":"<p><strong>Wer hat den gr\u00fcnen Zug noch fahren gesehen?<\/strong><\/p>\n<p>Da steht er nun auf dem &#8211; im wahrsten Sinn des Wortes &#8211; Abstellgleis. Dieser f\u00fcr zahlreiche Klever:innen bzw. Kellener:innen noch in der Erinnerung schwebende gr\u00fcne Zug der Margarinefabrik Van den Bergh befuhr nur das Werksgel\u00e4nde und transportierte dort die G\u00fcter zu den entsprechenden Standorten. Sein Anblick auf dem Foto stimmt ein wenig traurig, denn der Rost und die Verwitterung zeugen davon, dass er schon lange nicht mehr ben\u00f6tigt wird. Schade.<\/p>\n<p><a href=\"https:\/\/www.kle-blatt.de\/blog\/wp-content\/uploads\/2022\/10\/zug-heute-fritz-wippich.jpg\"><img loading=\"lazy\" decoding=\"async\" class=\"aligncenter size-full wp-image-31221\" src=\"https:\/\/www.kle-blatt.de\/blog\/wp-content\/uploads\/2022\/10\/zug-heute-fritz-wippich.jpg\" alt=\"Wer hat den gr\u00fcnen Zug noch fahren gesehen?\" width=\"850\" height=\"933\" srcset=\"https:\/\/www.kle-blatt.de\/blog\/wp-content\/uploads\/2022\/10\/zug-heute-fritz-wippich.jpg?v=1666600924 850w, https:\/\/www.kle-blatt.de\/blog\/wp-content\/uploads\/2022\/10\/zug-heute-fritz-wippich-273x300.jpg?v=1666600924 273w, https:\/\/www.kle-blatt.de\/blog\/wp-content\/uploads\/2022\/10\/zug-heute-fritz-wippich-768x843.jpg?v=1666600924 768w\" sizes=\"auto, (max-width: 850px) 100vw, 850px\" \/><\/a><br \/>\n(Foto: Fritz Wippich)<\/p>\n","protected":false},"excerpt":{"rendered":"<p>Wer hat den gr\u00fcnen Zug noch fahren gesehen? Da steht er nun auf dem &#8211; im wahrsten Sinn des Wortes &hellip; <a href=\"https:\/\/www.kle-blatt.de\/blog\/kleve-in-foto-video\/aus-dem-privatalbum\/wer-hat-den-gruenen-zug-noch-fahren-gesehen.html\" class=\"more-link\"><span class=\"more-button\">Weiterlesen<span class=\"screen-reader-text\">Wer hat den gr\u00fcnen Zug noch fahren gesehen?<\/span><\/span><\/a><\/p>\n","protected":false},"author":2,"featured_media":31221,"comment_status":"open","ping_status":"closed","sticky":false,"template":"","format":"standard","meta":{"footnotes":""},"categories":[20],"tags":[5849],"class_list":["post-31220","post","type-post","status-publish","format-standard","has-post-thumbnail","hentry","category-aus-dem-privatalbum","tag-wer-hat-den-gruenen-zug-noch-fahren-gesehen"],"_links":{"self":[{"href":"https:\/\/www.kle-blatt.de\/blog\/wp-json\/wp\/v2\/posts\/31220","targetHints":{"allow":["GET"]}}],"collection":[{"href":"https:\/\/www.kle-blatt.de\/blog\/wp-json\/wp\/v2\/posts"}],"about":[{"href":"https:\/\/www.kle-blatt.de\/blog\/wp-json\/wp\/v2\/types\/post"}],"author":[{"embeddable":true,"href":"https:\/\/www.kle-blatt.de\/blog\/wp-json\/wp\/v2\/users\/2"}],"replies":[{"embeddable":true,"href":"https:\/\/www.kle-blatt.de\/blog\/wp-json\/wp\/v2\/comments?post=31220"}],"version-history":[{"count":1,"href":"https:\/\/www.kle-blatt.de\/blog\/wp-json\/wp\/v2\/posts\/31220\/revisions"}],"predecessor-version":[{"id":31222,"href":"https:\/\/www.kle-blatt.de\/blog\/wp-json\/wp\/v2\/posts\/31220\/revisions\/31222"}],"wp:featuredmedia":[{"embeddable":true,"href":"https:\/\/www.kle-blatt.de\/blog\/wp-json\/wp\/v2\/media\/31221"}],"wp:attachment":[{"href":"https:\/\/www.kle-blatt.de\/blog\/wp-json\/wp\/v2\/media?parent=31220"}],"wp:term":[{"taxonomy":"category","embeddable":true,"href":"https:\/\/www.kle-blatt.de\/blog\/wp-json\/wp\/v2\/categories?post=31220"},{"taxonomy":"post_tag","embeddable":true,"href":"https:\/\/www.kle-blatt.de\/blog\/wp-json\/wp\/v2\/tags?post=31220"}],"curies":[{"name":"wp","href":"https:\/\/api.w.org\/{rel}","templated":true}]}}