{"id":31241,"date":"2022-11-21T06:38:56","date_gmt":"2022-11-21T04:38:56","guid":{"rendered":"https:\/\/www.kle-blatt.de\/blog\/?p=31241"},"modified":"2022-10-25T11:43:51","modified_gmt":"2022-10-25T09:43:51","slug":"die-rheinfaehre-unter-beobachtung","status":"publish","type":"post","link":"https:\/\/www.kle-blatt.de\/blog\/kleve-in-foto-video\/aus-dem-privatalbum\/die-rheinfaehre-unter-beobachtung.html","title":{"rendered":"Die Rheinf\u00e4hre unter Beobachtung"},"content":{"rendered":"<p><strong>Die Rheinf\u00e4hre unter Beobachtung<\/strong><\/p>\n<p>Zwei Kinder sind zum Rheinstrand geradelt und betrachten sich die damalige Rheinf\u00e4hre, die zwischen Emmerich und Warbeyen verkehrte. Die Handt\u00fccher auf ihren Gep\u00e4cktr\u00e4gern deutet auch darauf hin, dass sie wohl zum Schwimmen unterwegs waren.<\/p>\n<p><a href=\"https:\/\/www.kle-blatt.de\/blog\/wp-content\/uploads\/2022\/10\/faehre1-heinz-goertz.jpg\"><img loading=\"lazy\" decoding=\"async\" class=\"aligncenter size-full wp-image-31242\" src=\"https:\/\/www.kle-blatt.de\/blog\/wp-content\/uploads\/2022\/10\/faehre1-heinz-goertz.jpg\" alt=\"Die Rheinf\u00e4hre unter Beobachtung\" width=\"850\" height=\"574\" srcset=\"https:\/\/www.kle-blatt.de\/blog\/wp-content\/uploads\/2022\/10\/faehre1-heinz-goertz.jpg?v=1666690776 850w, https:\/\/www.kle-blatt.de\/blog\/wp-content\/uploads\/2022\/10\/faehre1-heinz-goertz-300x203.jpg?v=1666690776 300w, https:\/\/www.kle-blatt.de\/blog\/wp-content\/uploads\/2022\/10\/faehre1-heinz-goertz-768x519.jpg?v=1666690776 768w, https:\/\/www.kle-blatt.de\/blog\/wp-content\/uploads\/2022\/10\/faehre1-heinz-goertz-79x53.jpg?v=1666690776 79w\" sizes=\"auto, (max-width: 850px) 100vw, 850px\" \/><\/a><br \/>\n(Bildauszug gezeigt von Heinz Goertz)<\/p>\n","protected":false},"excerpt":{"rendered":"<p>Die Rheinf\u00e4hre unter Beobachtung Zwei Kinder sind zum Rheinstrand geradelt und betrachten sich die damalige Rheinf\u00e4hre, die zwischen Emmerich und &hellip; <a href=\"https:\/\/www.kle-blatt.de\/blog\/kleve-in-foto-video\/aus-dem-privatalbum\/die-rheinfaehre-unter-beobachtung.html\" class=\"more-link\"><span class=\"more-button\">Weiterlesen<span class=\"screen-reader-text\">Die Rheinf\u00e4hre unter Beobachtung<\/span><\/span><\/a><\/p>\n","protected":false},"author":2,"featured_media":31242,"comment_status":"open","ping_status":"closed","sticky":false,"template":"","format":"standard","meta":{"footnotes":""},"categories":[20],"tags":[5857],"class_list":["post-31241","post","type-post","status-publish","format-standard","has-post-thumbnail","hentry","category-aus-dem-privatalbum","tag-die-rheinfaehre-unter-beobachtung"],"_links":{"self":[{"href":"https:\/\/www.kle-blatt.de\/blog\/wp-json\/wp\/v2\/posts\/31241","targetHints":{"allow":["GET"]}}],"collection":[{"href":"https:\/\/www.kle-blatt.de\/blog\/wp-json\/wp\/v2\/posts"}],"about":[{"href":"https:\/\/www.kle-blatt.de\/blog\/wp-json\/wp\/v2\/types\/post"}],"author":[{"embeddable":true,"href":"https:\/\/www.kle-blatt.de\/blog\/wp-json\/wp\/v2\/users\/2"}],"replies":[{"embeddable":true,"href":"https:\/\/www.kle-blatt.de\/blog\/wp-json\/wp\/v2\/comments?post=31241"}],"version-history":[{"count":1,"href":"https:\/\/www.kle-blatt.de\/blog\/wp-json\/wp\/v2\/posts\/31241\/revisions"}],"predecessor-version":[{"id":31243,"href":"https:\/\/www.kle-blatt.de\/blog\/wp-json\/wp\/v2\/posts\/31241\/revisions\/31243"}],"wp:featuredmedia":[{"embeddable":true,"href":"https:\/\/www.kle-blatt.de\/blog\/wp-json\/wp\/v2\/media\/31242"}],"wp:attachment":[{"href":"https:\/\/www.kle-blatt.de\/blog\/wp-json\/wp\/v2\/media?parent=31241"}],"wp:term":[{"taxonomy":"category","embeddable":true,"href":"https:\/\/www.kle-blatt.de\/blog\/wp-json\/wp\/v2\/categories?post=31241"},{"taxonomy":"post_tag","embeddable":true,"href":"https:\/\/www.kle-blatt.de\/blog\/wp-json\/wp\/v2\/tags?post=31241"}],"curies":[{"name":"wp","href":"https:\/\/api.w.org\/{rel}","templated":true}]}}