{"id":31253,"date":"2022-11-28T06:48:47","date_gmt":"2022-11-28T04:48:47","guid":{"rendered":"https:\/\/www.kle-blatt.de\/blog\/?p=31253"},"modified":"2022-10-25T13:52:37","modified_gmt":"2022-10-25T11:52:37","slug":"kein-verkehr-auf-der-rheinbruecke-emmerich-kleve","status":"publish","type":"post","link":"https:\/\/www.kle-blatt.de\/blog\/kleve-in-foto-video\/kein-verkehr-auf-der-rheinbruecke-emmerich-kleve.html","title":{"rendered":"Kein Verkehr auf der Rheinbr\u00fccke Emmerich-Kleve"},"content":{"rendered":"<p><strong>Kein Verkehr auf der Rheinbr\u00fccke Emmerich-Kleve<\/strong><\/p>\n<p>Kein einziges Fahrzeug ist auf der Rheinbr\u00fccke zu entdecken. Wie kann das sein? Nun, eigentlich ganz einfach: Zu Zeiten der Aufnahme dieses Fotos war die Br\u00fccke noch nicht offiziell freigegeben f\u00fcr den Verkehr.<\/p>\n<p><a href=\"https:\/\/www.kle-blatt.de\/blog\/wp-content\/uploads\/2022\/10\/leere-bruecke.jpg\"><img loading=\"lazy\" decoding=\"async\" class=\"aligncenter size-full wp-image-31254\" src=\"https:\/\/www.kle-blatt.de\/blog\/wp-content\/uploads\/2022\/10\/leere-bruecke.jpg\" alt=\"Kein Verkehr auf der Rheinbr\u00fccke Emmerich-Kleve\" width=\"850\" height=\"533\" \/><\/a><\/p>\n","protected":false},"excerpt":{"rendered":"<p>Kein Verkehr auf der Rheinbr\u00fccke Emmerich-Kleve Kein einziges Fahrzeug ist auf der Rheinbr\u00fccke zu entdecken. Wie kann das sein? Nun, &hellip; <a href=\"https:\/\/www.kle-blatt.de\/blog\/kleve-in-foto-video\/kein-verkehr-auf-der-rheinbruecke-emmerich-kleve.html\" class=\"more-link\"><span class=\"more-button\">Weiterlesen<span class=\"screen-reader-text\">Kein Verkehr auf der Rheinbr\u00fccke Emmerich-Kleve<\/span><\/span><\/a><\/p>\n","protected":false},"author":2,"featured_media":31254,"comment_status":"open","ping_status":"closed","sticky":false,"template":"","format":"standard","meta":{"footnotes":""},"categories":[3],"tags":[5861],"class_list":["post-31253","post","type-post","status-publish","format-standard","has-post-thumbnail","hentry","category-kleve-in-foto-video","tag-kein-verkehr-auf-der-rheinbruecke-emmerich-kleve"],"_links":{"self":[{"href":"https:\/\/www.kle-blatt.de\/blog\/wp-json\/wp\/v2\/posts\/31253","targetHints":{"allow":["GET"]}}],"collection":[{"href":"https:\/\/www.kle-blatt.de\/blog\/wp-json\/wp\/v2\/posts"}],"about":[{"href":"https:\/\/www.kle-blatt.de\/blog\/wp-json\/wp\/v2\/types\/post"}],"author":[{"embeddable":true,"href":"https:\/\/www.kle-blatt.de\/blog\/wp-json\/wp\/v2\/users\/2"}],"replies":[{"embeddable":true,"href":"https:\/\/www.kle-blatt.de\/blog\/wp-json\/wp\/v2\/comments?post=31253"}],"version-history":[{"count":1,"href":"https:\/\/www.kle-blatt.de\/blog\/wp-json\/wp\/v2\/posts\/31253\/revisions"}],"predecessor-version":[{"id":31255,"href":"https:\/\/www.kle-blatt.de\/blog\/wp-json\/wp\/v2\/posts\/31253\/revisions\/31255"}],"wp:featuredmedia":[{"embeddable":true,"href":"https:\/\/www.kle-blatt.de\/blog\/wp-json\/wp\/v2\/media\/31254"}],"wp:attachment":[{"href":"https:\/\/www.kle-blatt.de\/blog\/wp-json\/wp\/v2\/media?parent=31253"}],"wp:term":[{"taxonomy":"category","embeddable":true,"href":"https:\/\/www.kle-blatt.de\/blog\/wp-json\/wp\/v2\/categories?post=31253"},{"taxonomy":"post_tag","embeddable":true,"href":"https:\/\/www.kle-blatt.de\/blog\/wp-json\/wp\/v2\/tags?post=31253"}],"curies":[{"name":"wp","href":"https:\/\/api.w.org\/{rel}","templated":true}]}}