{"id":31256,"date":"2022-11-30T06:53:19","date_gmt":"2022-11-30T04:53:19","guid":{"rendered":"https:\/\/www.kle-blatt.de\/blog\/?p=31256"},"modified":"2022-10-25T13:57:34","modified_gmt":"2022-10-25T11:57:34","slug":"backst-du-auch-plaetzchen-in-der-weihnachtszeit","status":"publish","type":"post","link":"https:\/\/www.kle-blatt.de\/blog\/kleve-in-foto-video\/backst-du-auch-plaetzchen-in-der-weihnachtszeit.html","title":{"rendered":"Backst Du auch Pl\u00e4tzchen in der Weihnachtszeit?"},"content":{"rendered":"<p><strong>Backst Du auch Pl\u00e4tzchen in der Weihnachtszeit?<\/strong><\/p>\n<p>Die beiden Kinder scheinen gro\u00dfe Freude beim Backen von Pl\u00e4tzchen zu haben. Vermutlich weil sie assoziieren, dass dann bald Weihnachten sein muss. Wer backt denn heute noch leckeres Backwerk selbst und macht sich vom B\u00e4cker unabh\u00e4ngig? Zumindest in diesem Bereich?<\/p>\n<p><a href=\"https:\/\/www.kle-blatt.de\/blog\/wp-content\/uploads\/2022\/10\/plaetzchen-getlinger.jpg\"><img loading=\"lazy\" decoding=\"async\" class=\"aligncenter size-full wp-image-31257\" src=\"https:\/\/www.kle-blatt.de\/blog\/wp-content\/uploads\/2022\/10\/plaetzchen-getlinger.jpg\" alt=\"Backst Du auch Pl\u00e4tzchen in der Weihnachtszeit?\" width=\"850\" height=\"841\" srcset=\"https:\/\/www.kle-blatt.de\/blog\/wp-content\/uploads\/2022\/10\/plaetzchen-getlinger.jpg?v=1666698818 850w, https:\/\/www.kle-blatt.de\/blog\/wp-content\/uploads\/2022\/10\/plaetzchen-getlinger-300x297.jpg?v=1666698818 300w, https:\/\/www.kle-blatt.de\/blog\/wp-content\/uploads\/2022\/10\/plaetzchen-getlinger-768x760.jpg?v=1666698818 768w, https:\/\/www.kle-blatt.de\/blog\/wp-content\/uploads\/2022\/10\/plaetzchen-getlinger-100x100.jpg?v=1666698818 100w, https:\/\/www.kle-blatt.de\/blog\/wp-content\/uploads\/2022\/10\/plaetzchen-getlinger-82x82.jpg?v=1666698818 82w\" sizes=\"auto, (max-width: 850px) 100vw, 850px\" \/><\/a><br \/>\n(Foto: Fritz Getlinger \u2013 mit freundlicher Genehmigung von Frau Katrin Getlinger-Wessing)<\/p>\n","protected":false},"excerpt":{"rendered":"<p>Backst Du auch Pl\u00e4tzchen in der Weihnachtszeit? Die beiden Kinder scheinen gro\u00dfe Freude beim Backen von Pl\u00e4tzchen zu haben. Vermutlich &hellip; <a href=\"https:\/\/www.kle-blatt.de\/blog\/kleve-in-foto-video\/backst-du-auch-plaetzchen-in-der-weihnachtszeit.html\" class=\"more-link\"><span class=\"more-button\">Weiterlesen<span class=\"screen-reader-text\">Backst Du auch Pl\u00e4tzchen in der Weihnachtszeit?<\/span><\/span><\/a><\/p>\n","protected":false},"author":2,"featured_media":31257,"comment_status":"open","ping_status":"closed","sticky":false,"template":"","format":"standard","meta":{"footnotes":""},"categories":[3],"tags":[5862],"class_list":["post-31256","post","type-post","status-publish","format-standard","has-post-thumbnail","hentry","category-kleve-in-foto-video","tag-backst-du-auch-plaetzchen-in-der-weihnachtszeit"],"_links":{"self":[{"href":"https:\/\/www.kle-blatt.de\/blog\/wp-json\/wp\/v2\/posts\/31256","targetHints":{"allow":["GET"]}}],"collection":[{"href":"https:\/\/www.kle-blatt.de\/blog\/wp-json\/wp\/v2\/posts"}],"about":[{"href":"https:\/\/www.kle-blatt.de\/blog\/wp-json\/wp\/v2\/types\/post"}],"author":[{"embeddable":true,"href":"https:\/\/www.kle-blatt.de\/blog\/wp-json\/wp\/v2\/users\/2"}],"replies":[{"embeddable":true,"href":"https:\/\/www.kle-blatt.de\/blog\/wp-json\/wp\/v2\/comments?post=31256"}],"version-history":[{"count":1,"href":"https:\/\/www.kle-blatt.de\/blog\/wp-json\/wp\/v2\/posts\/31256\/revisions"}],"predecessor-version":[{"id":31258,"href":"https:\/\/www.kle-blatt.de\/blog\/wp-json\/wp\/v2\/posts\/31256\/revisions\/31258"}],"wp:featuredmedia":[{"embeddable":true,"href":"https:\/\/www.kle-blatt.de\/blog\/wp-json\/wp\/v2\/media\/31257"}],"wp:attachment":[{"href":"https:\/\/www.kle-blatt.de\/blog\/wp-json\/wp\/v2\/media?parent=31256"}],"wp:term":[{"taxonomy":"category","embeddable":true,"href":"https:\/\/www.kle-blatt.de\/blog\/wp-json\/wp\/v2\/categories?post=31256"},{"taxonomy":"post_tag","embeddable":true,"href":"https:\/\/www.kle-blatt.de\/blog\/wp-json\/wp\/v2\/tags?post=31256"}],"curies":[{"name":"wp","href":"https:\/\/api.w.org\/{rel}","templated":true}]}}