{"id":31711,"date":"2023-02-09T06:56:50","date_gmt":"2023-02-09T04:56:50","guid":{"rendered":"https:\/\/www.kle-blatt.de\/blog\/?p=31711"},"modified":"2023-01-23T13:01:55","modified_gmt":"2023-01-23T11:01:55","slug":"groesste-disko-am-niederrhein-war-in-kleve","status":"publish","type":"post","link":"https:\/\/www.kle-blatt.de\/blog\/kultur\/klever-musik-und-diskoszene\/groesste-disko-am-niederrhein-war-in-kleve.html","title":{"rendered":"Gr\u00f6\u00dfte Disko am Niederrhein war in Kleve"},"content":{"rendered":"<p><strong>Gr\u00f6\u00dfte Disko am Niederrhein war in Kleve<\/strong><\/p>\n<p>Nach eigenen Angaben handelte es sich wohl um den Western Express, wie man dieser Anzeige entnehmen kann. Es wurde Soul, Beat und Rock gespielt und am damaligen Plattenteller stand wohl Helmut. Wer hat dort auch abgerockt?<\/p>\n<p><a href=\"https:\/\/www.kle-blatt.de\/blog\/wp-content\/uploads\/2023\/01\/western-express-pn.jpg\"><img loading=\"lazy\" decoding=\"async\" class=\"aligncenter size-full wp-image-31712\" src=\"https:\/\/www.kle-blatt.de\/blog\/wp-content\/uploads\/2023\/01\/western-express-pn.jpg\" alt=\"Gr\u00f6\u00dfte Disko am Niederrhein war in Kleve\" width=\"849\" height=\"725\" srcset=\"https:\/\/www.kle-blatt.de\/blog\/wp-content\/uploads\/2023\/01\/western-express-pn.jpg?v=1674471476 849w, https:\/\/www.kle-blatt.de\/blog\/wp-content\/uploads\/2023\/01\/western-express-pn-300x256.jpg?v=1674471476 300w, https:\/\/www.kle-blatt.de\/blog\/wp-content\/uploads\/2023\/01\/western-express-pn-768x656.jpg?v=1674471476 768w\" sizes=\"auto, (max-width: 849px) 100vw, 849px\" \/><\/a><br \/>\n(Bild gezeigt von Peter Nengel)<\/p>\n","protected":false},"excerpt":{"rendered":"<p>Gr\u00f6\u00dfte Disko am Niederrhein war in Kleve Nach eigenen Angaben handelte es sich wohl um den Western Express, wie man &hellip; <a href=\"https:\/\/www.kle-blatt.de\/blog\/kultur\/klever-musik-und-diskoszene\/groesste-disko-am-niederrhein-war-in-kleve.html\" class=\"more-link\"><span class=\"more-button\">Weiterlesen<span class=\"screen-reader-text\">Gr\u00f6\u00dfte Disko am Niederrhein war in Kleve<\/span><\/span><\/a><\/p>\n","protected":false},"author":2,"featured_media":31712,"comment_status":"open","ping_status":"closed","sticky":false,"template":"","format":"standard","meta":{"footnotes":""},"categories":[5279,19],"tags":[5918],"class_list":["post-31711","post","type-post","status-publish","format-standard","has-post-thumbnail","hentry","category-klever-musik-und-diskoszene","category-werbung-gestern-heute","tag-groesste-disko-am-niederrhein-war-in-kleve"],"_links":{"self":[{"href":"https:\/\/www.kle-blatt.de\/blog\/wp-json\/wp\/v2\/posts\/31711","targetHints":{"allow":["GET"]}}],"collection":[{"href":"https:\/\/www.kle-blatt.de\/blog\/wp-json\/wp\/v2\/posts"}],"about":[{"href":"https:\/\/www.kle-blatt.de\/blog\/wp-json\/wp\/v2\/types\/post"}],"author":[{"embeddable":true,"href":"https:\/\/www.kle-blatt.de\/blog\/wp-json\/wp\/v2\/users\/2"}],"replies":[{"embeddable":true,"href":"https:\/\/www.kle-blatt.de\/blog\/wp-json\/wp\/v2\/comments?post=31711"}],"version-history":[{"count":1,"href":"https:\/\/www.kle-blatt.de\/blog\/wp-json\/wp\/v2\/posts\/31711\/revisions"}],"predecessor-version":[{"id":31713,"href":"https:\/\/www.kle-blatt.de\/blog\/wp-json\/wp\/v2\/posts\/31711\/revisions\/31713"}],"wp:featuredmedia":[{"embeddable":true,"href":"https:\/\/www.kle-blatt.de\/blog\/wp-json\/wp\/v2\/media\/31712"}],"wp:attachment":[{"href":"https:\/\/www.kle-blatt.de\/blog\/wp-json\/wp\/v2\/media?parent=31711"}],"wp:term":[{"taxonomy":"category","embeddable":true,"href":"https:\/\/www.kle-blatt.de\/blog\/wp-json\/wp\/v2\/categories?post=31711"},{"taxonomy":"post_tag","embeddable":true,"href":"https:\/\/www.kle-blatt.de\/blog\/wp-json\/wp\/v2\/tags?post=31711"}],"curies":[{"name":"wp","href":"https:\/\/api.w.org\/{rel}","templated":true}]}}