{"id":31717,"date":"2023-02-06T07:08:30","date_gmt":"2023-02-06T05:08:30","guid":{"rendered":"https:\/\/www.kle-blatt.de\/blog\/?p=31717"},"modified":"2023-01-23T13:14:46","modified_gmt":"2023-01-23T11:14:46","slug":"als-das-restaurant-korfu-noch-hotel-war","status":"publish","type":"post","link":"https:\/\/www.kle-blatt.de\/blog\/kleve-in-foto-video\/als-das-restaurant-korfu-noch-hotel-war.html","title":{"rendered":"Als das Restaurant Korfu noch Hotel war"},"content":{"rendered":"<p><strong>Als das Restaurant Korfu noch Hotel war<\/strong><\/p>\n<p>Mit sch\u00f6ner Sicht auf die Rheinbr\u00fccke Kleve-Emmerich sehen wir hier den damals beliebten Coprayer Hof, wo man nicht nur \u00fcbernachten konnte, sondern wo die Klever:innen auch stets sonntags in gr\u00f6\u00dferer Zahl sich zum Speisen einfanden. Am dort essen gehen hat sich bis heute nichts ge\u00e4ndert, obwohl es aktuell griechische Spezialit\u00e4ten sind, die die Menschen &#8211; vor allem auch aus den Niederlanden &#8211; dorthin f\u00fchren.<\/p>\n<p><a href=\"https:\/\/www.kle-blatt.de\/blog\/wp-content\/uploads\/2023\/01\/coprayer-hof-heinz-goertz.jpg\"><img loading=\"lazy\" decoding=\"async\" class=\"aligncenter size-full wp-image-31718\" src=\"https:\/\/www.kle-blatt.de\/blog\/wp-content\/uploads\/2023\/01\/coprayer-hof-heinz-goertz.jpg\" alt=\"Als das Restaurant Korfu noch Hotel war\" width=\"850\" height=\"583\" srcset=\"https:\/\/www.kle-blatt.de\/blog\/wp-content\/uploads\/2023\/01\/coprayer-hof-heinz-goertz.jpg?v=1674472135 850w, https:\/\/www.kle-blatt.de\/blog\/wp-content\/uploads\/2023\/01\/coprayer-hof-heinz-goertz-300x206.jpg?v=1674472135 300w, https:\/\/www.kle-blatt.de\/blog\/wp-content\/uploads\/2023\/01\/coprayer-hof-heinz-goertz-768x527.jpg?v=1674472135 768w, https:\/\/www.kle-blatt.de\/blog\/wp-content\/uploads\/2023\/01\/coprayer-hof-heinz-goertz-79x53.jpg?v=1674472135 79w\" sizes=\"auto, (max-width: 850px) 100vw, 850px\" \/><\/a><\/p>\n","protected":false},"excerpt":{"rendered":"<p>Als das Restaurant Korfu noch Hotel war Mit sch\u00f6ner Sicht auf die Rheinbr\u00fccke Kleve-Emmerich sehen wir hier den damals beliebten &hellip; <a href=\"https:\/\/www.kle-blatt.de\/blog\/kleve-in-foto-video\/als-das-restaurant-korfu-noch-hotel-war.html\" class=\"more-link\"><span class=\"more-button\">Weiterlesen<span class=\"screen-reader-text\">Als das Restaurant Korfu noch Hotel war<\/span><\/span><\/a><\/p>\n","protected":false},"author":2,"featured_media":31718,"comment_status":"open","ping_status":"closed","sticky":false,"template":"","format":"standard","meta":{"footnotes":""},"categories":[3],"tags":[5920],"class_list":["post-31717","post","type-post","status-publish","format-standard","has-post-thumbnail","hentry","category-kleve-in-foto-video","tag-als-das-restaurant-korfu-noch-hotel-war"],"_links":{"self":[{"href":"https:\/\/www.kle-blatt.de\/blog\/wp-json\/wp\/v2\/posts\/31717","targetHints":{"allow":["GET"]}}],"collection":[{"href":"https:\/\/www.kle-blatt.de\/blog\/wp-json\/wp\/v2\/posts"}],"about":[{"href":"https:\/\/www.kle-blatt.de\/blog\/wp-json\/wp\/v2\/types\/post"}],"author":[{"embeddable":true,"href":"https:\/\/www.kle-blatt.de\/blog\/wp-json\/wp\/v2\/users\/2"}],"replies":[{"embeddable":true,"href":"https:\/\/www.kle-blatt.de\/blog\/wp-json\/wp\/v2\/comments?post=31717"}],"version-history":[{"count":1,"href":"https:\/\/www.kle-blatt.de\/blog\/wp-json\/wp\/v2\/posts\/31717\/revisions"}],"predecessor-version":[{"id":31719,"href":"https:\/\/www.kle-blatt.de\/blog\/wp-json\/wp\/v2\/posts\/31717\/revisions\/31719"}],"wp:featuredmedia":[{"embeddable":true,"href":"https:\/\/www.kle-blatt.de\/blog\/wp-json\/wp\/v2\/media\/31718"}],"wp:attachment":[{"href":"https:\/\/www.kle-blatt.de\/blog\/wp-json\/wp\/v2\/media?parent=31717"}],"wp:term":[{"taxonomy":"category","embeddable":true,"href":"https:\/\/www.kle-blatt.de\/blog\/wp-json\/wp\/v2\/categories?post=31717"},{"taxonomy":"post_tag","embeddable":true,"href":"https:\/\/www.kle-blatt.de\/blog\/wp-json\/wp\/v2\/tags?post=31717"}],"curies":[{"name":"wp","href":"https:\/\/api.w.org\/{rel}","templated":true}]}}