{"id":32364,"date":"2023-07-27T07:13:10","date_gmt":"2023-07-27T05:13:10","guid":{"rendered":"https:\/\/www.kle-blatt.de\/blog\/?p=32364"},"modified":"2023-07-27T10:18:28","modified_gmt":"2023-07-27T08:18:28","slug":"wer-hat-noch-vor-dem-efeuturm-geparkt","status":"publish","type":"post","link":"https:\/\/www.kle-blatt.de\/blog\/kleve-in-foto-video\/wer-hat-noch-vor-dem-efeuturm-geparkt.html","title":{"rendered":"Wer hat noch vor dem Efeuturm geparkt?"},"content":{"rendered":"<p><strong>Wer hat noch vor dem Efeuturm geparkt?<\/strong><\/p>\n<p>Viele werden sich noch an diesen Anblick erinnern und sind zigmal die Minoritenstrasse zwischen den B\u00e4umen hindurch gefahren. Auch der Parkplatz war ein beliebter PKW-Abstellort, obwohl nicht allzuviel Parkbuchten zur Verf\u00fcgung standen. Heute sieht es dort komplett anders aus. Parken ist vorbei, denn wer m\u00f6chte gern mit seinem Fahrzeug im Wasser stehen?<\/p>\n<p><a href=\"https:\/\/www.kle-blatt.de\/blog\/wp-content\/uploads\/2023\/06\/minoritenstrasse-pn.jpg\"><img loading=\"lazy\" decoding=\"async\" class=\"aligncenter size-full wp-image-32365\" src=\"https:\/\/www.kle-blatt.de\/blog\/wp-content\/uploads\/2023\/06\/minoritenstrasse-pn.jpg\" alt=\"Wer hat noch vor dem Efeuturm geparkt?\" width=\"850\" height=\"849\" srcset=\"https:\/\/www.kle-blatt.de\/blog\/wp-content\/uploads\/2023\/06\/minoritenstrasse-pn.jpg?v=1687252355 850w, https:\/\/www.kle-blatt.de\/blog\/wp-content\/uploads\/2023\/06\/minoritenstrasse-pn-300x300.jpg?v=1687252355 300w, https:\/\/www.kle-blatt.de\/blog\/wp-content\/uploads\/2023\/06\/minoritenstrasse-pn-150x150.jpg?v=1687252355 150w, https:\/\/www.kle-blatt.de\/blog\/wp-content\/uploads\/2023\/06\/minoritenstrasse-pn-768x767.jpg?v=1687252355 768w, https:\/\/www.kle-blatt.de\/blog\/wp-content\/uploads\/2023\/06\/minoritenstrasse-pn-640x640.jpg?v=1687252355 640w, https:\/\/www.kle-blatt.de\/blog\/wp-content\/uploads\/2023\/06\/minoritenstrasse-pn-100x100.jpg?v=1687252355 100w, https:\/\/www.kle-blatt.de\/blog\/wp-content\/uploads\/2023\/06\/minoritenstrasse-pn-82x82.jpg?v=1687252355 82w\" sizes=\"auto, (max-width: 850px) 100vw, 850px\" \/><\/a><\/p>\n","protected":false},"excerpt":{"rendered":"<p>Wer hat noch vor dem Efeuturm geparkt? Viele werden sich noch an diesen Anblick erinnern und sind zigmal die Minoritenstrasse &hellip; <a href=\"https:\/\/www.kle-blatt.de\/blog\/kleve-in-foto-video\/wer-hat-noch-vor-dem-efeuturm-geparkt.html\" class=\"more-link\"><span class=\"more-button\">Weiterlesen<span class=\"screen-reader-text\">Wer hat noch vor dem Efeuturm geparkt?<\/span><\/span><\/a><\/p>\n","protected":false},"author":2,"featured_media":32365,"comment_status":"open","ping_status":"closed","sticky":false,"template":"","format":"standard","meta":{"footnotes":""},"categories":[3],"tags":[5982],"class_list":["post-32364","post","type-post","status-publish","format-standard","has-post-thumbnail","hentry","category-kleve-in-foto-video","tag-wer-hat-noch-vor-dem-efeuturm-geparkt"],"_links":{"self":[{"href":"https:\/\/www.kle-blatt.de\/blog\/wp-json\/wp\/v2\/posts\/32364","targetHints":{"allow":["GET"]}}],"collection":[{"href":"https:\/\/www.kle-blatt.de\/blog\/wp-json\/wp\/v2\/posts"}],"about":[{"href":"https:\/\/www.kle-blatt.de\/blog\/wp-json\/wp\/v2\/types\/post"}],"author":[{"embeddable":true,"href":"https:\/\/www.kle-blatt.de\/blog\/wp-json\/wp\/v2\/users\/2"}],"replies":[{"embeddable":true,"href":"https:\/\/www.kle-blatt.de\/blog\/wp-json\/wp\/v2\/comments?post=32364"}],"version-history":[{"count":3,"href":"https:\/\/www.kle-blatt.de\/blog\/wp-json\/wp\/v2\/posts\/32364\/revisions"}],"predecessor-version":[{"id":32504,"href":"https:\/\/www.kle-blatt.de\/blog\/wp-json\/wp\/v2\/posts\/32364\/revisions\/32504"}],"wp:featuredmedia":[{"embeddable":true,"href":"https:\/\/www.kle-blatt.de\/blog\/wp-json\/wp\/v2\/media\/32365"}],"wp:attachment":[{"href":"https:\/\/www.kle-blatt.de\/blog\/wp-json\/wp\/v2\/media?parent=32364"}],"wp:term":[{"taxonomy":"category","embeddable":true,"href":"https:\/\/www.kle-blatt.de\/blog\/wp-json\/wp\/v2\/categories?post=32364"},{"taxonomy":"post_tag","embeddable":true,"href":"https:\/\/www.kle-blatt.de\/blog\/wp-json\/wp\/v2\/tags?post=32364"}],"curies":[{"name":"wp","href":"https:\/\/api.w.org\/{rel}","templated":true}]}}