{"id":32483,"date":"2023-08-31T07:30:47","date_gmt":"2023-08-31T05:30:47","guid":{"rendered":"https:\/\/www.kle-blatt.de\/blog\/?p=32483"},"modified":"2023-07-16T13:36:45","modified_gmt":"2023-07-16T11:36:45","slug":"troedel-oder-antiquitaet-aus-kleve","status":"publish","type":"post","link":"https:\/\/www.kle-blatt.de\/blog\/kleve-in-foto-video\/aus-dem-privatalbum\/troedel-oder-antiquitaet-aus-kleve.html","title":{"rendered":"Tr\u00f6del oder Antiquit\u00e4t aus Kleve?"},"content":{"rendered":"<p><strong>Tr\u00f6del oder Antiquit\u00e4t aus Kleve?<\/strong><\/p>\n<p>Interessante Antiquit\u00e4ten konnte man im Jahre 2013, kurz vor dem Abriss des Rathauses von Kleve besichtigen. Oder handelte es sich einfach um Tr\u00f6delware? Die Frage darf erlaubt sein, wo diese Sachen alle hingegangen sind, denn m\u00f6glicherweise handelte es sich doch auch teilweise um echt Rarit\u00e4ten mit einem gewissen historischen Hintergrund.<\/p>\n<p><a href=\"http:\/\/www.kle-blatt.de\/blog\/wp-content\/uploads\/2013\/08\/rathaus21.jpg\"><img loading=\"lazy\" decoding=\"async\" class=\"size-full wp-image-5541 aligncenter\" src=\"https:\/\/www.kle-blatt.de\/blog\/wp-content\/uploads\/2013\/08\/rathaus21.jpg\" alt=\"Bares f\u00fcr Rares? Antiquit\u00e4ten aus Kleve\" width=\"850\" height=\"504\" \/><\/a><br \/>\n(Foto: Udo Kleinendonk)<\/p>\n","protected":false},"excerpt":{"rendered":"<p>Tr\u00f6del oder Antiquit\u00e4t aus Kleve? Interessante Antiquit\u00e4ten konnte man im Jahre 2013, kurz vor dem Abriss des Rathauses von Kleve &hellip; <a href=\"https:\/\/www.kle-blatt.de\/blog\/kleve-in-foto-video\/aus-dem-privatalbum\/troedel-oder-antiquitaet-aus-kleve.html\" class=\"more-link\"><span class=\"more-button\">Weiterlesen<span class=\"screen-reader-text\">Tr\u00f6del oder Antiquit\u00e4t aus Kleve?<\/span><\/span><\/a><\/p>\n","protected":false},"author":2,"featured_media":5541,"comment_status":"open","ping_status":"closed","sticky":false,"template":"","format":"standard","meta":{"footnotes":""},"categories":[20],"tags":[5989],"class_list":["post-32483","post","type-post","status-publish","format-standard","has-post-thumbnail","hentry","category-aus-dem-privatalbum","tag-troedel-oder-antiquitaet-aus-kleve"],"_links":{"self":[{"href":"https:\/\/www.kle-blatt.de\/blog\/wp-json\/wp\/v2\/posts\/32483","targetHints":{"allow":["GET"]}}],"collection":[{"href":"https:\/\/www.kle-blatt.de\/blog\/wp-json\/wp\/v2\/posts"}],"about":[{"href":"https:\/\/www.kle-blatt.de\/blog\/wp-json\/wp\/v2\/types\/post"}],"author":[{"embeddable":true,"href":"https:\/\/www.kle-blatt.de\/blog\/wp-json\/wp\/v2\/users\/2"}],"replies":[{"embeddable":true,"href":"https:\/\/www.kle-blatt.de\/blog\/wp-json\/wp\/v2\/comments?post=32483"}],"version-history":[{"count":1,"href":"https:\/\/www.kle-blatt.de\/blog\/wp-json\/wp\/v2\/posts\/32483\/revisions"}],"predecessor-version":[{"id":32485,"href":"https:\/\/www.kle-blatt.de\/blog\/wp-json\/wp\/v2\/posts\/32483\/revisions\/32485"}],"wp:featuredmedia":[{"embeddable":true,"href":"https:\/\/www.kle-blatt.de\/blog\/wp-json\/wp\/v2\/media\/5541"}],"wp:attachment":[{"href":"https:\/\/www.kle-blatt.de\/blog\/wp-json\/wp\/v2\/media?parent=32483"}],"wp:term":[{"taxonomy":"category","embeddable":true,"href":"https:\/\/www.kle-blatt.de\/blog\/wp-json\/wp\/v2\/categories?post=32483"},{"taxonomy":"post_tag","embeddable":true,"href":"https:\/\/www.kle-blatt.de\/blog\/wp-json\/wp\/v2\/tags?post=32483"}],"curies":[{"name":"wp","href":"https:\/\/api.w.org\/{rel}","templated":true}]}}