{"id":32602,"date":"2023-08-26T06:02:33","date_gmt":"2023-08-26T04:02:33","guid":{"rendered":"https:\/\/www.kle-blatt.de\/blog\/?p=32602"},"modified":"2023-08-14T13:13:18","modified_gmt":"2023-08-14T11:13:18","slug":"morgen-ist-stadtfest-in-kleve","status":"publish","type":"post","link":"https:\/\/www.kle-blatt.de\/blog\/allgemein\/morgen-ist-stadtfest-in-kleve.html","title":{"rendered":"Morgen ist Stadtfest in Kleve"},"content":{"rendered":"<p><strong>Morgen ist Stadtfest in Kleve<\/strong><\/p>\n<p>bunt &amp; kulturell \u2013 Kleve l\u00e4dt zum Stadtfest<br \/>\nAuf Live-Musik und Kinderflohmarkt d\u00fcrfen sich die Besucher der Klever Innenstadt am 27. August zwischen 12 und 18 Uhr freuen.<br \/>\nViel Musik liegt beim Stadtfest \u201ebunt &amp; kulturell\u201c in der Klever Luft. Von der Musikschule de Bortoli \u00fcber die Singer-Songwriter, die vom Kollektiv und Musiklabel \u201eElectricVisions Cleve\u201c ebenfalls an diesem Tag an gleich zwei Standorten zu h\u00f6ren sind, ist auch der niederl\u00e4ndische Popchor \u201eA sign of Friendship\u201c, die Marching Band, das \u201eDuo H\u00f6rbar\u201c und der Musiker \u201eMattes Wissing\u201c wieder mit am Start.<br \/>\nNeben den musikalischen Leckerbissen werden Familien auf dem Kinderflohmarkt im Bereich der Herzogbr\u00fccke anbieten, was sie beim Aufr\u00e4umen von Kinderzimmer, Dachboden, Keller und Co. finden. Spielzeug, Bilderb\u00fccher, Laufr\u00e4der, Kindersitze, Puppen oder Kinderkleidung \u2013 all diese Dinge warten auf neue Besitzer.<br \/>\nWunderbar in das Motto f\u00fcgt sich auch das \u201e Musikalische Picknick im Moritzpark \u201c des Klevischen Vereins mit ein. Von 14:00 bis 17:00 Uhr erwartet die Besucher Live-Musik von Duo JUMA mit Interpretationen von bekannten Popsongs.<br \/>\n\u201eWir freuen uns, den Kleverinnen und Klevern sowie allen G\u00e4sten ein Innenstadtevent zu bieten, das zum Mitsingen, Flanieren, Genie\u00dfen und St\u00f6bern einl\u00e4dt. Ein buntes Treiben in die Klever Innenstadt zu bringen, ist auch in diesem Jahr wieder unser Ziel mit dem bew\u00e4hrten Veranstaltungsformat \u201ebunt und kulturell\u201c. Die Innenstadt wird so zu einem Raum der Interaktion und sozialen<br \/>\nBegegnung sowie zu einem zentralen Anlaufpunkt f\u00fcr kulturelle Darbietungen abseits des Alltagsgeschehens\u201c, sagt WTM-Prokuristin Kristina Jan\u00dfen.<br \/>\nEgal ob Kaffee, Tee, Kuchen oder Grillwurst die lokale Gastronomie verw\u00f6hnt die Besucher:innen des Stadtfestes l\u00e4dt zum Verweilen ein. Und das Eis l\u00e4sst sich Wirtschaft, Tourismus &amp; Marketing Stadt Kleve GmbH nat\u00fcrlich beim Bummel entlang der Infost\u00e4nde und Gesch\u00e4fte, welche von 13 bis 18 Uhr ge\u00f6ffnet haben werden, auch wunderbar \u201eTo-Go\u201c genie\u00dfen.<\/p>\n<p><a href=\"https:\/\/www.kle-blatt.de\/blog\/wp-content\/uploads\/2023\/08\/stadtfest-kleve.jpg\"><img loading=\"lazy\" decoding=\"async\" class=\"aligncenter size-full wp-image-32603\" src=\"https:\/\/www.kle-blatt.de\/blog\/wp-content\/uploads\/2023\/08\/stadtfest-kleve.jpg\" alt=\"Morgen ist Stadtfest in Kleve\" width=\"527\" height=\"703\" srcset=\"https:\/\/www.kle-blatt.de\/blog\/wp-content\/uploads\/2023\/08\/stadtfest-kleve.jpg?v=1692011373 527w, https:\/\/www.kle-blatt.de\/blog\/wp-content\/uploads\/2023\/08\/stadtfest-kleve-225x300.jpg?v=1692011373 225w\" sizes=\"auto, (max-width: 527px) 100vw, 527px\" \/><\/a><br \/>\n(Kristina Jan\u00dfen, Mina van Lutterveld, Petra Hendricks &#8211; Foto: Stadt-Tourismus)<\/p>\n","protected":false},"excerpt":{"rendered":"<p>Morgen ist Stadtfest in Kleve bunt &amp; kulturell \u2013 Kleve l\u00e4dt zum Stadtfest Auf Live-Musik und Kinderflohmarkt d\u00fcrfen sich die &hellip; <a href=\"https:\/\/www.kle-blatt.de\/blog\/allgemein\/morgen-ist-stadtfest-in-kleve.html\" class=\"more-link\"><span class=\"more-button\">Weiterlesen<span class=\"screen-reader-text\">Morgen ist Stadtfest in Kleve<\/span><\/span><\/a><\/p>\n","protected":false},"author":2,"featured_media":32603,"comment_status":"closed","ping_status":"closed","sticky":false,"template":"","format":"standard","meta":{"footnotes":""},"categories":[1],"tags":[],"class_list":["post-32602","post","type-post","status-publish","format-standard","has-post-thumbnail","hentry","category-allgemein"],"_links":{"self":[{"href":"https:\/\/www.kle-blatt.de\/blog\/wp-json\/wp\/v2\/posts\/32602","targetHints":{"allow":["GET"]}}],"collection":[{"href":"https:\/\/www.kle-blatt.de\/blog\/wp-json\/wp\/v2\/posts"}],"about":[{"href":"https:\/\/www.kle-blatt.de\/blog\/wp-json\/wp\/v2\/types\/post"}],"author":[{"embeddable":true,"href":"https:\/\/www.kle-blatt.de\/blog\/wp-json\/wp\/v2\/users\/2"}],"replies":[{"embeddable":true,"href":"https:\/\/www.kle-blatt.de\/blog\/wp-json\/wp\/v2\/comments?post=32602"}],"version-history":[{"count":1,"href":"https:\/\/www.kle-blatt.de\/blog\/wp-json\/wp\/v2\/posts\/32602\/revisions"}],"predecessor-version":[{"id":32604,"href":"https:\/\/www.kle-blatt.de\/blog\/wp-json\/wp\/v2\/posts\/32602\/revisions\/32604"}],"wp:featuredmedia":[{"embeddable":true,"href":"https:\/\/www.kle-blatt.de\/blog\/wp-json\/wp\/v2\/media\/32603"}],"wp:attachment":[{"href":"https:\/\/www.kle-blatt.de\/blog\/wp-json\/wp\/v2\/media?parent=32602"}],"wp:term":[{"taxonomy":"category","embeddable":true,"href":"https:\/\/www.kle-blatt.de\/blog\/wp-json\/wp\/v2\/categories?post=32602"},{"taxonomy":"post_tag","embeddable":true,"href":"https:\/\/www.kle-blatt.de\/blog\/wp-json\/wp\/v2\/tags?post=32602"}],"curies":[{"name":"wp","href":"https:\/\/api.w.org\/{rel}","templated":true}]}}