{"id":3289,"date":"2022-05-26T06:10:38","date_gmt":"2022-05-26T04:10:38","guid":{"rendered":"http:\/\/www.kle-blatt.de\/blog\/?p=3289"},"modified":"2022-04-13T10:31:56","modified_gmt":"2022-04-13T08:31:56","slug":"das-burgtheater-in-kleve-kronleuchter-und-samtvorhang","status":"publish","type":"post","link":"https:\/\/www.kle-blatt.de\/blog\/kultur\/das-burgtheater-in-kleve-kronleuchter-und-samtvorhang.html","title":{"rendered":"Das Burgtheater in Kleve \u2013 Kronleuchter und Samtvorhang"},"content":{"rendered":"<p><strong>Das Burgtheater in Kleve \u2013 Kronleuchter und Samtvorhang<\/strong><\/p>\n<p>Dieser Anblick bleibt unvergessen bei denen, die ihn erleben durften. Gespannt sa\u00df man in seinem Klappsessel und starrte erwartungsfroh auf den knallroten gewaltigen Vorhang. Irgendwann konnte man es dann kaum noch aushalten, bis er sich \u00f6ffnete und die bewegten Bilder einen ans Tr\u00e4umen brachten.<br \/>\nDer Blick richtete sich unweigerlich nach oben, wenn der riesige Deckenleuchter sich verdunkelte und die seitlichen Wandleuchten langsam herunter gedimmt wurden.<br \/>\nDer Vorhang glitt fast ger\u00e4uschlos zur Seite und er\u00f6ffnete dem Betrachter die gro\u00dfe Welt der Illusionen, des Kinos, des Films, den W\u00fcnschen und Vorstellungen ganzer Generationen.<br \/>\nSo etwas bleibt unvergessen.<\/p>\n<p><a href=\"http:\/\/www.kle-blatt.de\/blog\/wp-content\/uploads\/2013\/05\/DAS-BTK-ENDE-2002-012.jpg\"><img loading=\"lazy\" decoding=\"async\" class=\"size-full wp-image-3291 aligncenter\" src=\"https:\/\/www.kle-blatt.de\/blog\/wp-content\/uploads\/2013\/05\/DAS-BTK-ENDE-2002-012.jpg\" alt=\"Das Burgtheater in Kleve \u2013 Kronleuchter und Samtvorhang\" width=\"849\" height=\"596\" \/><\/a><br \/>\n(Foto: J\u00fcrgen Eickelkamp)<\/p>\n<p>Daher hier das aktuelle Kinoprogramm in Kleve:<\/p>\n<p><strong><a title=\"kinoprogramm\" href=\"http:\/\/www.kleverkinos.de\/\" target=\"_blank\" rel=\"noopener\">Klick mich<\/a><\/strong><\/p>\n<p><a href=\"http:\/\/www.kle-blatt.de\/blog\/wp-content\/uploads\/2013\/05\/DAS-BTK-ENDE-2002-014.jpg\"><img loading=\"lazy\" decoding=\"async\" class=\"size-full wp-image-3292 aligncenter\" src=\"http:\/\/www.kle-blatt.de\/blog\/wp-content\/uploads\/2013\/05\/DAS-BTK-ENDE-2002-014.jpg\" alt=\"Das Burgtheater in Kleve \u2013 Kronleuchter und Samtvorhang\" width=\"849\" height=\"587\" \/><\/a><br \/>\n(Foto: J\u00fcrgen Eickelkamp)<\/p>\n<p>&nbsp;<\/p>\n","protected":false},"excerpt":{"rendered":"<p>Das Burgtheater in Kleve \u2013 Kronleuchter und Samtvorhang Dieser Anblick bleibt unvergessen bei denen, die ihn erleben durften. Gespannt sa\u00df &hellip; <a href=\"https:\/\/www.kle-blatt.de\/blog\/kultur\/das-burgtheater-in-kleve-kronleuchter-und-samtvorhang.html\" class=\"more-link\"><span class=\"more-button\">Weiterlesen<span class=\"screen-reader-text\">Das Burgtheater in Kleve \u2013 Kronleuchter und Samtvorhang<\/span><\/span><\/a><\/p>\n","protected":false},"author":2,"featured_media":3291,"comment_status":"open","ping_status":"closed","sticky":false,"template":"","format":"standard","meta":{"footnotes":""},"categories":[20,4],"tags":[819],"class_list":["post-3289","post","type-post","status-publish","format-standard","has-post-thumbnail","hentry","category-aus-dem-privatalbum","category-kultur","tag-das-burgtheater-in-kleve-kronleuchter-und-samtvorhang"],"_links":{"self":[{"href":"https:\/\/www.kle-blatt.de\/blog\/wp-json\/wp\/v2\/posts\/3289","targetHints":{"allow":["GET"]}}],"collection":[{"href":"https:\/\/www.kle-blatt.de\/blog\/wp-json\/wp\/v2\/posts"}],"about":[{"href":"https:\/\/www.kle-blatt.de\/blog\/wp-json\/wp\/v2\/types\/post"}],"author":[{"embeddable":true,"href":"https:\/\/www.kle-blatt.de\/blog\/wp-json\/wp\/v2\/users\/2"}],"replies":[{"embeddable":true,"href":"https:\/\/www.kle-blatt.de\/blog\/wp-json\/wp\/v2\/comments?post=3289"}],"version-history":[{"count":2,"href":"https:\/\/www.kle-blatt.de\/blog\/wp-json\/wp\/v2\/posts\/3289\/revisions"}],"predecessor-version":[{"id":30374,"href":"https:\/\/www.kle-blatt.de\/blog\/wp-json\/wp\/v2\/posts\/3289\/revisions\/30374"}],"wp:featuredmedia":[{"embeddable":true,"href":"https:\/\/www.kle-blatt.de\/blog\/wp-json\/wp\/v2\/media\/3291"}],"wp:attachment":[{"href":"https:\/\/www.kle-blatt.de\/blog\/wp-json\/wp\/v2\/media?parent=3289"}],"wp:term":[{"taxonomy":"category","embeddable":true,"href":"https:\/\/www.kle-blatt.de\/blog\/wp-json\/wp\/v2\/categories?post=3289"},{"taxonomy":"post_tag","embeddable":true,"href":"https:\/\/www.kle-blatt.de\/blog\/wp-json\/wp\/v2\/tags?post=3289"}],"curies":[{"name":"wp","href":"https:\/\/api.w.org\/{rel}","templated":true}]}}