{"id":32964,"date":"2023-12-28T07:21:36","date_gmt":"2023-12-28T05:21:36","guid":{"rendered":"https:\/\/www.kle-blatt.de\/blog\/?p=32964"},"modified":"2023-10-27T12:35:15","modified_gmt":"2023-10-27T10:35:15","slug":"der-grosse-kurfuerst-ist-verschwunden","status":"publish","type":"post","link":"https:\/\/www.kle-blatt.de\/blog\/kleve-in-foto-video\/der-grosse-kurfuerst-ist-verschwunden.html","title":{"rendered":"Der Gro\u00dfe Kurf\u00fcrst ist verschwunden&#8230;"},"content":{"rendered":"<p><strong>Der Gro\u00dfe Kurf\u00fcrst ist verschwunden&#8230;<\/strong><\/p>\n<p>Rauch steigt auf diesem Bild auf. Er ist doch wohl nicht explodiert? Nein, nat\u00fcrlich nicht. Er ist beim Fotografieren einfach nur nicht mehr auf seinem Sockel. M\u00f6glicherweise ist er nur kurz ausgeritten. \ud83d\ude42<br \/>\nWer wei\u00df N\u00e4heres?<\/p>\n<p><a href=\"https:\/\/www.kle-blatt.de\/blog\/wp-content\/uploads\/2023\/10\/kurfuerst-fehlt-norbert-hemsen.jpg\"><img loading=\"lazy\" decoding=\"async\" class=\"aligncenter size-full wp-image-32965\" src=\"https:\/\/www.kle-blatt.de\/blog\/wp-content\/uploads\/2023\/10\/kurfuerst-fehlt-norbert-hemsen.jpg\" alt=\"Der Gro\u00dfe Kurf\u00fcrst ist verschwunden\" width=\"850\" height=\"550\" \/><\/a><br \/>\n(Bild gezeigt von Norbert Hemsen)<\/p>\n","protected":false},"excerpt":{"rendered":"<p>Der Gro\u00dfe Kurf\u00fcrst ist verschwunden&#8230; Rauch steigt auf diesem Bild auf. Er ist doch wohl nicht explodiert? Nein, nat\u00fcrlich nicht. &hellip; <a href=\"https:\/\/www.kle-blatt.de\/blog\/kleve-in-foto-video\/der-grosse-kurfuerst-ist-verschwunden.html\" class=\"more-link\"><span class=\"more-button\">Weiterlesen<span class=\"screen-reader-text\">Der Gro\u00dfe Kurf\u00fcrst ist verschwunden&#8230;<\/span><\/span><\/a><\/p>\n","protected":false},"author":2,"featured_media":32965,"comment_status":"closed","ping_status":"closed","sticky":false,"template":"","format":"standard","meta":{"footnotes":""},"categories":[3],"tags":[6016],"class_list":["post-32964","post","type-post","status-publish","format-standard","has-post-thumbnail","hentry","category-kleve-in-foto-video","tag-der-grosse-kurfuerst-ist-verschwunden"],"_links":{"self":[{"href":"https:\/\/www.kle-blatt.de\/blog\/wp-json\/wp\/v2\/posts\/32964","targetHints":{"allow":["GET"]}}],"collection":[{"href":"https:\/\/www.kle-blatt.de\/blog\/wp-json\/wp\/v2\/posts"}],"about":[{"href":"https:\/\/www.kle-blatt.de\/blog\/wp-json\/wp\/v2\/types\/post"}],"author":[{"embeddable":true,"href":"https:\/\/www.kle-blatt.de\/blog\/wp-json\/wp\/v2\/users\/2"}],"replies":[{"embeddable":true,"href":"https:\/\/www.kle-blatt.de\/blog\/wp-json\/wp\/v2\/comments?post=32964"}],"version-history":[{"count":1,"href":"https:\/\/www.kle-blatt.de\/blog\/wp-json\/wp\/v2\/posts\/32964\/revisions"}],"predecessor-version":[{"id":32966,"href":"https:\/\/www.kle-blatt.de\/blog\/wp-json\/wp\/v2\/posts\/32964\/revisions\/32966"}],"wp:featuredmedia":[{"embeddable":true,"href":"https:\/\/www.kle-blatt.de\/blog\/wp-json\/wp\/v2\/media\/32965"}],"wp:attachment":[{"href":"https:\/\/www.kle-blatt.de\/blog\/wp-json\/wp\/v2\/media?parent=32964"}],"wp:term":[{"taxonomy":"category","embeddable":true,"href":"https:\/\/www.kle-blatt.de\/blog\/wp-json\/wp\/v2\/categories?post=32964"},{"taxonomy":"post_tag","embeddable":true,"href":"https:\/\/www.kle-blatt.de\/blog\/wp-json\/wp\/v2\/tags?post=32964"}],"curies":[{"name":"wp","href":"https:\/\/api.w.org\/{rel}","templated":true}]}}