{"id":33133,"date":"2024-02-29T06:47:55","date_gmt":"2024-02-29T04:47:55","guid":{"rendered":"https:\/\/www.kle-blatt.de\/blog\/?p=33133"},"modified":"2024-01-02T14:56:26","modified_gmt":"2024-01-02T12:56:26","slug":"ruhetag-im-hotel-stirum","status":"publish","type":"post","link":"https:\/\/www.kle-blatt.de\/blog\/kleve-in-foto-video\/ruhetag-im-hotel-stirum.html","title":{"rendered":"Ruhetag im Hotel Stirum"},"content":{"rendered":"<p><strong>Ruhetag im Hotel Stirum<\/strong><\/p>\n<p>Das Foto zeigt die Vorderansicht des Hotels. Hier hat der Photograph Hotel Stirum wohl gerade w\u00e4hrend eines Ruhetages abgelichtet &#8211; sonst herrschte hier vor allem an Sommertagen stets reger Betrieb. Der Vorg\u00e4nger des Hotels war ein zweigeschossiger Rokokobau, 1746 auf der \u00f6stlichen Kanalinsel (im Neuen Tierpark) errichtet. 1810 kaufte Graf Friedrich-Albert von Limburg-Stirum das Anwesen. Sein endg\u00fcltiges Aussehen erhielt das Geb\u00e4ude jedoch erst gut 25 Jahre sp\u00e4ter, als Werner Artz, bis dato Wirt im &#8222;Goldenen Adler&#8220; in Cleves Innenstadt, in dem verbreiterten und um ein Stockwerk erh\u00f6hten Haus den &#8222;Stirumschen Hof&#8220; er\u00f6ffnete. Im h\u00f6lzernen Pavillon zur Rechten spielten zur Unterhaltung der Besuch abwechselnd die Clever Kurkapelle und die Milit\u00e4rkapelle der 56er.<br \/>\nNach dem 2. Weltkrieg stand Hotel Stirum noch unver\u00e4ndert, wie auf dem Foto.<br \/>\nEs existiert noch ein alter Zeitungartikel der Rheinischen Post, in dem der Erfolg der Modernisierung durch die Stadt Kleve gefeiert wird.<br \/>\nAls das &#8222;verhunzte&#8220; Geb\u00e4ude abgerissen wurde, um die rechte Insel der Barockanlage wieder herzustellen, war das eine gute Entscheidung. Mit Einwilligung der Stadt Kleve wurde der wundersch\u00f6ne Boden der Eingangshalle ausgebaut. Es waren gro\u00dfe &#8222;Aachener Blausteinplatten&#8220; im Wechsel mit gleichgro\u00dfen, wei\u00dfen Marmorplatten; verlegt in Muschelkalk. Im Kalkbett konnte man noch ganze Meresmuscheln entdecken.<\/p>\n<p><a href=\"http:\/\/www.kle-blatt.de\/blog\/wp-content\/uploads\/2013\/03\/hotel-stirum2.jpg\"><img loading=\"lazy\" decoding=\"async\" class=\"size-full wp-image-1957 aligncenter\" src=\"https:\/\/www.kle-blatt.de\/blog\/wp-content\/uploads\/2013\/03\/hotel-stirum2.jpg\" alt=\"Ruhetag im Hotel Stirum\" width=\"850\" height=\"596\" \/><\/a><\/p>\n","protected":false},"excerpt":{"rendered":"<p>Ruhetag im Hotel Stirum Das Foto zeigt die Vorderansicht des Hotels. Hier hat der Photograph Hotel Stirum wohl gerade w\u00e4hrend &hellip; <a href=\"https:\/\/www.kle-blatt.de\/blog\/kleve-in-foto-video\/ruhetag-im-hotel-stirum.html\" class=\"more-link\"><span class=\"more-button\">Weiterlesen<span class=\"screen-reader-text\">Ruhetag im Hotel Stirum<\/span><\/span><\/a><\/p>\n","protected":false},"author":2,"featured_media":1957,"comment_status":"closed","ping_status":"closed","sticky":false,"template":"","format":"standard","meta":{"footnotes":""},"categories":[3],"tags":[6021],"class_list":["post-33133","post","type-post","status-publish","format-standard","has-post-thumbnail","hentry","category-kleve-in-foto-video","tag-ruhetag-im-hotel-stirum"],"_links":{"self":[{"href":"https:\/\/www.kle-blatt.de\/blog\/wp-json\/wp\/v2\/posts\/33133","targetHints":{"allow":["GET"]}}],"collection":[{"href":"https:\/\/www.kle-blatt.de\/blog\/wp-json\/wp\/v2\/posts"}],"about":[{"href":"https:\/\/www.kle-blatt.de\/blog\/wp-json\/wp\/v2\/types\/post"}],"author":[{"embeddable":true,"href":"https:\/\/www.kle-blatt.de\/blog\/wp-json\/wp\/v2\/users\/2"}],"replies":[{"embeddable":true,"href":"https:\/\/www.kle-blatt.de\/blog\/wp-json\/wp\/v2\/comments?post=33133"}],"version-history":[{"count":1,"href":"https:\/\/www.kle-blatt.de\/blog\/wp-json\/wp\/v2\/posts\/33133\/revisions"}],"predecessor-version":[{"id":33134,"href":"https:\/\/www.kle-blatt.de\/blog\/wp-json\/wp\/v2\/posts\/33133\/revisions\/33134"}],"wp:featuredmedia":[{"embeddable":true,"href":"https:\/\/www.kle-blatt.de\/blog\/wp-json\/wp\/v2\/media\/1957"}],"wp:attachment":[{"href":"https:\/\/www.kle-blatt.de\/blog\/wp-json\/wp\/v2\/media?parent=33133"}],"wp:term":[{"taxonomy":"category","embeddable":true,"href":"https:\/\/www.kle-blatt.de\/blog\/wp-json\/wp\/v2\/categories?post=33133"},{"taxonomy":"post_tag","embeddable":true,"href":"https:\/\/www.kle-blatt.de\/blog\/wp-json\/wp\/v2\/tags?post=33133"}],"curies":[{"name":"wp","href":"https:\/\/api.w.org\/{rel}","templated":true}]}}