{"id":3326,"date":"2019-05-05T07:00:54","date_gmt":"2019-05-05T05:00:54","guid":{"rendered":"http:\/\/www.kle-blatt.de\/blog\/?p=3326"},"modified":"2019-04-13T10:48:03","modified_gmt":"2019-04-13T08:48:03","slug":"fusgangerzone-grose-strase-in-kleve-heute-und-damals","status":"publish","type":"post","link":"https:\/\/www.kle-blatt.de\/blog\/kleve-in-foto-video\/fusgangerzone-grose-strase-in-kleve-heute-und-damals.html","title":{"rendered":"Fu\u00dfg\u00e4ngerzone Gro\u00dfe Stra\u00dfe in Kleve &#8211; Heute und Damals"},"content":{"rendered":"<p><strong>Fu\u00dfg\u00e4ngerzone Gro\u00dfe Stra\u00dfe in Kleve &#8211; Heute und Damals<\/strong><\/p>\n<p>Die Gro\u00dfe Stra\u00dfe in Kleve bildete immer schon das Kernst\u00fcck Klever Gesch\u00e4ftigkeit. Das war fr\u00fcher so, das ist auch heute so.<\/p>\n<p><a href=\"http:\/\/www.kle-blatt.de\/blog\/wp-content\/uploads\/2013\/05\/fu\u00dfg\u00e4ngerzone.jpg\"><img loading=\"lazy\" decoding=\"async\" class=\"alignnone size-full wp-image-3327\" src=\"http:\/\/www.kle-blatt.de\/blog\/wp-content\/uploads\/2013\/05\/fu\u00dfg\u00e4ngerzone.jpg\" alt=\"Fu\u00dfg\u00e4ngerzone Gro\u00dfe Stra\u00dfe in Kleve - Heute und Damals\" width=\"850\" height=\"532\" \/><\/a><br \/>\n(Foto: Kleve Tourismus)<\/p>\n<p>Man soll es kaum glauben, aber auch um 1909 war die Gro\u00dfe Stra\u00dfe &#8211; hier auch vom Mitteltor aus gesehen &#8211; eine Fu\u00dfg\u00e4ngerzone, denn Autos waren zu dieser Zeit noch echte Mangelware.<\/p>\n<p><a href=\"http:\/\/www.kle-blatt.de\/blog\/wp-content\/uploads\/2013\/05\/grosse-mitteltor-1909.jpg\"><img loading=\"lazy\" decoding=\"async\" class=\"alignnone size-full wp-image-3328\" src=\"http:\/\/www.kle-blatt.de\/blog\/wp-content\/uploads\/2013\/05\/grosse-mitteltor-1909.jpg\" alt=\"Fu\u00dfg\u00e4ngerzone Gro\u00dfe Stra\u00dfe in Kleve - Heute und Damals\" width=\"850\" height=\"605\" \/><\/a><\/p>\n","protected":false},"excerpt":{"rendered":"<p>Fu\u00dfg\u00e4ngerzone Gro\u00dfe Stra\u00dfe in Kleve &#8211; Heute und Damals Die Gro\u00dfe Stra\u00dfe in Kleve bildete immer schon das Kernst\u00fcck Klever &hellip; <a href=\"https:\/\/www.kle-blatt.de\/blog\/kleve-in-foto-video\/fusgangerzone-grose-strase-in-kleve-heute-und-damals.html\" class=\"more-link\"><span class=\"more-button\">Weiterlesen<span class=\"screen-reader-text\">Fu\u00dfg\u00e4ngerzone Gro\u00dfe Stra\u00dfe in Kleve &#8211; Heute und Damals<\/span><\/span><\/a><\/p>\n","protected":false},"author":2,"featured_media":0,"comment_status":"open","ping_status":"closed","sticky":false,"template":"","format":"standard","meta":{"footnotes":""},"categories":[3],"tags":[826],"class_list":["post-3326","post","type-post","status-publish","format-standard","hentry","category-kleve-in-foto-video","tag-fusgangerzone-grose-strase-in-kleve-heute-und-damals"],"_links":{"self":[{"href":"https:\/\/www.kle-blatt.de\/blog\/wp-json\/wp\/v2\/posts\/3326","targetHints":{"allow":["GET"]}}],"collection":[{"href":"https:\/\/www.kle-blatt.de\/blog\/wp-json\/wp\/v2\/posts"}],"about":[{"href":"https:\/\/www.kle-blatt.de\/blog\/wp-json\/wp\/v2\/types\/post"}],"author":[{"embeddable":true,"href":"https:\/\/www.kle-blatt.de\/blog\/wp-json\/wp\/v2\/users\/2"}],"replies":[{"embeddable":true,"href":"https:\/\/www.kle-blatt.de\/blog\/wp-json\/wp\/v2\/comments?post=3326"}],"version-history":[{"count":0,"href":"https:\/\/www.kle-blatt.de\/blog\/wp-json\/wp\/v2\/posts\/3326\/revisions"}],"wp:attachment":[{"href":"https:\/\/www.kle-blatt.de\/blog\/wp-json\/wp\/v2\/media?parent=3326"}],"wp:term":[{"taxonomy":"category","embeddable":true,"href":"https:\/\/www.kle-blatt.de\/blog\/wp-json\/wp\/v2\/categories?post=3326"},{"taxonomy":"post_tag","embeddable":true,"href":"https:\/\/www.kle-blatt.de\/blog\/wp-json\/wp\/v2\/tags?post=3326"}],"curies":[{"name":"wp","href":"https:\/\/api.w.org\/{rel}","templated":true}]}}