{"id":33265,"date":"2024-03-08T05:57:22","date_gmt":"2024-03-08T03:57:22","guid":{"rendered":"https:\/\/www.kle-blatt.de\/blog\/?p=33265"},"modified":"2024-02-06T14:04:11","modified_gmt":"2024-02-06T12:04:11","slug":"als-der-klever-kaufhof-noch-das-kaufhaus-weyl-war","status":"publish","type":"post","link":"https:\/\/www.kle-blatt.de\/blog\/kleve-in-foto-video\/als-der-klever-kaufhof-noch-das-kaufhaus-weyl-war.html","title":{"rendered":"Als der Klever Kaufhof noch das Kaufhaus Weyl war"},"content":{"rendered":"<p><strong>Als der Klever Kaufhof noch das Kaufhaus Weyl war<\/strong><\/p>\n<p>Ein prachtvolles Andenken an die Klever Geschicht zeigt dieses Bild vom damaligen Kaufhaus Weyl. Es ist vor dem Jahre 1929 aufgenommen worden, denn dann \u00fcbernahm ein anderer Eigner das Haus und es hie\u00df von da an Kaufhaus Tietz, bevor es im Krieg g\u00e4nzlich zerst\u00f6rt wurde und danach als Kaufhof wiederer\u00f6ffnet wurde.<\/p>\n<p><a href=\"https:\/\/www.kle-blatt.de\/blog\/wp-content\/uploads\/2024\/02\/kaufhaus-weyl-pn.jpg\"><img loading=\"lazy\" decoding=\"async\" class=\"aligncenter size-full wp-image-33266\" src=\"https:\/\/www.kle-blatt.de\/blog\/wp-content\/uploads\/2024\/02\/kaufhaus-weyl-pn.jpg\" alt=\"Als der Klever Kaufhof noch das Kaufhaus Weyl war\" width=\"850\" height=\"727\" \/><\/a><\/p>\n<p>(Bild gezeigt von Peter Nengel)<\/p>\n","protected":false},"excerpt":{"rendered":"<p>Als der Klever Kaufhof noch das Kaufhaus Weyl war Ein prachtvolles Andenken an die Klever Geschicht zeigt dieses Bild vom &hellip; <a href=\"https:\/\/www.kle-blatt.de\/blog\/kleve-in-foto-video\/als-der-klever-kaufhof-noch-das-kaufhaus-weyl-war.html\" class=\"more-link\"><span class=\"more-button\">Weiterlesen<span class=\"screen-reader-text\">Als der Klever Kaufhof noch das Kaufhaus Weyl war<\/span><\/span><\/a><\/p>\n","protected":false},"author":2,"featured_media":33266,"comment_status":"closed","ping_status":"closed","sticky":false,"template":"","format":"standard","meta":{"footnotes":""},"categories":[3],"tags":[6028],"class_list":["post-33265","post","type-post","status-publish","format-standard","has-post-thumbnail","hentry","category-kleve-in-foto-video","tag-als-der-klever-kaufhof-noch-das-kaufhaus-weyl-war"],"_links":{"self":[{"href":"https:\/\/www.kle-blatt.de\/blog\/wp-json\/wp\/v2\/posts\/33265","targetHints":{"allow":["GET"]}}],"collection":[{"href":"https:\/\/www.kle-blatt.de\/blog\/wp-json\/wp\/v2\/posts"}],"about":[{"href":"https:\/\/www.kle-blatt.de\/blog\/wp-json\/wp\/v2\/types\/post"}],"author":[{"embeddable":true,"href":"https:\/\/www.kle-blatt.de\/blog\/wp-json\/wp\/v2\/users\/2"}],"replies":[{"embeddable":true,"href":"https:\/\/www.kle-blatt.de\/blog\/wp-json\/wp\/v2\/comments?post=33265"}],"version-history":[{"count":1,"href":"https:\/\/www.kle-blatt.de\/blog\/wp-json\/wp\/v2\/posts\/33265\/revisions"}],"predecessor-version":[{"id":33267,"href":"https:\/\/www.kle-blatt.de\/blog\/wp-json\/wp\/v2\/posts\/33265\/revisions\/33267"}],"wp:featuredmedia":[{"embeddable":true,"href":"https:\/\/www.kle-blatt.de\/blog\/wp-json\/wp\/v2\/media\/33266"}],"wp:attachment":[{"href":"https:\/\/www.kle-blatt.de\/blog\/wp-json\/wp\/v2\/media?parent=33265"}],"wp:term":[{"taxonomy":"category","embeddable":true,"href":"https:\/\/www.kle-blatt.de\/blog\/wp-json\/wp\/v2\/categories?post=33265"},{"taxonomy":"post_tag","embeddable":true,"href":"https:\/\/www.kle-blatt.de\/blog\/wp-json\/wp\/v2\/tags?post=33265"}],"curies":[{"name":"wp","href":"https:\/\/api.w.org\/{rel}","templated":true}]}}