{"id":33279,"date":"2024-03-06T06:35:01","date_gmt":"2024-03-06T04:35:01","guid":{"rendered":"https:\/\/www.kle-blatt.de\/blog\/?p=33279"},"modified":"2024-02-06T14:42:32","modified_gmt":"2024-02-06T12:42:32","slug":"der-foerster-aus-dem-reichswald","status":"publish","type":"post","link":"https:\/\/www.kle-blatt.de\/blog\/kleve-in-foto-video\/der-foerster-aus-dem-reichswald.html","title":{"rendered":"Der F\u00f6rster aus dem Reichswald"},"content":{"rendered":"<p><strong>Der F\u00f6rster aus dem Reichswald<\/strong><\/p>\n<p>Gibt es eigentlich noch F\u00f6rster, die in einer solchen typischen M\u00e4rchen-Uniform auftreten? Hier sehen wir einen mit seiner Familie vor dem Forsthaus Nergena-S\u00fcd. Insider werden wissen, wo das ist. Tolle Erinnerung an fr\u00fchere Zeiten.<\/p>\n<p><a href=\"https:\/\/www.kle-blatt.de\/blog\/wp-content\/uploads\/2024\/02\/forsthaus-1.jpg\"><img loading=\"lazy\" decoding=\"async\" class=\"aligncenter size-full wp-image-33282\" src=\"https:\/\/www.kle-blatt.de\/blog\/wp-content\/uploads\/2024\/02\/forsthaus-1.jpg\" alt=\"Der F\u00f6rster aus dem Reichswald\" width=\"828\" height=\"524\" srcset=\"https:\/\/www.kle-blatt.de\/blog\/wp-content\/uploads\/2024\/02\/forsthaus-1.jpg?v=1707223114 828w, https:\/\/www.kle-blatt.de\/blog\/wp-content\/uploads\/2024\/02\/forsthaus-1-300x190.jpg?v=1707223114 300w, https:\/\/www.kle-blatt.de\/blog\/wp-content\/uploads\/2024\/02\/forsthaus-1-768x486.jpg?v=1707223114 768w\" sizes=\"auto, (max-width: 828px) 100vw, 828px\" \/><\/a><\/p>\n","protected":false},"excerpt":{"rendered":"<p>Der F\u00f6rster aus dem Reichswald Gibt es eigentlich noch F\u00f6rster, die in einer solchen typischen M\u00e4rchen-Uniform auftreten? Hier sehen wir &hellip; <a href=\"https:\/\/www.kle-blatt.de\/blog\/kleve-in-foto-video\/der-foerster-aus-dem-reichswald.html\" class=\"more-link\"><span class=\"more-button\">Weiterlesen<span class=\"screen-reader-text\">Der F\u00f6rster aus dem Reichswald<\/span><\/span><\/a><\/p>\n","protected":false},"author":2,"featured_media":33282,"comment_status":"closed","ping_status":"closed","sticky":false,"template":"","format":"standard","meta":{"footnotes":""},"categories":[3],"tags":[6032],"class_list":["post-33279","post","type-post","status-publish","format-standard","has-post-thumbnail","hentry","category-kleve-in-foto-video","tag-der-foerster-aus-dem-reichswald"],"_links":{"self":[{"href":"https:\/\/www.kle-blatt.de\/blog\/wp-json\/wp\/v2\/posts\/33279","targetHints":{"allow":["GET"]}}],"collection":[{"href":"https:\/\/www.kle-blatt.de\/blog\/wp-json\/wp\/v2\/posts"}],"about":[{"href":"https:\/\/www.kle-blatt.de\/blog\/wp-json\/wp\/v2\/types\/post"}],"author":[{"embeddable":true,"href":"https:\/\/www.kle-blatt.de\/blog\/wp-json\/wp\/v2\/users\/2"}],"replies":[{"embeddable":true,"href":"https:\/\/www.kle-blatt.de\/blog\/wp-json\/wp\/v2\/comments?post=33279"}],"version-history":[{"count":1,"href":"https:\/\/www.kle-blatt.de\/blog\/wp-json\/wp\/v2\/posts\/33279\/revisions"}],"predecessor-version":[{"id":33283,"href":"https:\/\/www.kle-blatt.de\/blog\/wp-json\/wp\/v2\/posts\/33279\/revisions\/33283"}],"wp:featuredmedia":[{"embeddable":true,"href":"https:\/\/www.kle-blatt.de\/blog\/wp-json\/wp\/v2\/media\/33282"}],"wp:attachment":[{"href":"https:\/\/www.kle-blatt.de\/blog\/wp-json\/wp\/v2\/media?parent=33279"}],"wp:term":[{"taxonomy":"category","embeddable":true,"href":"https:\/\/www.kle-blatt.de\/blog\/wp-json\/wp\/v2\/categories?post=33279"},{"taxonomy":"post_tag","embeddable":true,"href":"https:\/\/www.kle-blatt.de\/blog\/wp-json\/wp\/v2\/tags?post=33279"}],"curies":[{"name":"wp","href":"https:\/\/api.w.org\/{rel}","templated":true}]}}