{"id":33293,"date":"2024-03-04T06:14:51","date_gmt":"2024-03-04T04:14:51","guid":{"rendered":"https:\/\/www.kle-blatt.de\/blog\/?p=33293"},"modified":"2024-02-06T15:21:42","modified_gmt":"2024-02-06T13:21:42","slug":"hinterhofidylle-in-kellen","status":"publish","type":"post","link":"https:\/\/www.kle-blatt.de\/blog\/kleve-in-foto-video\/hinterhofidylle-in-kellen.html","title":{"rendered":"Hinterhofidylle in Kellen"},"content":{"rendered":"<p><strong>Hinterhofidylle in Kellen<\/strong><\/p>\n<p>Ein typischer Hinterhof zeigt sich hier Anfang der F\u00fcnfziger auf der Oststrasse in Kellen. Es gab noch keinen Zierrasen, sondern unbefestigtes Land mit Regenpf\u00fctzen und Modder. Auf der W\u00e4scheleine h\u00e4ngt das frisch Gewaschene. Dahinter entdeckt man die damals unvermeidlichen Kaninchenst\u00e4lle oder auch Behausungen f\u00fcr anderes Getier.<\/p>\n<p><a href=\"https:\/\/www.kle-blatt.de\/blog\/wp-content\/uploads\/2024\/02\/oststrasse-kellen-pn.jpg\"><img loading=\"lazy\" decoding=\"async\" class=\"aligncenter size-full wp-image-33294\" src=\"https:\/\/www.kle-blatt.de\/blog\/wp-content\/uploads\/2024\/02\/oststrasse-kellen-pn.jpg\" alt=\"Hinterhofidylle in Kellen\" width=\"849\" height=\"513\" srcset=\"https:\/\/www.kle-blatt.de\/blog\/wp-content\/uploads\/2024\/02\/oststrasse-kellen-pn.jpg?v=1707225314 849w, https:\/\/www.kle-blatt.de\/blog\/wp-content\/uploads\/2024\/02\/oststrasse-kellen-pn-300x181.jpg?v=1707225314 300w, https:\/\/www.kle-blatt.de\/blog\/wp-content\/uploads\/2024\/02\/oststrasse-kellen-pn-768x464.jpg?v=1707225314 768w\" sizes=\"auto, (max-width: 849px) 100vw, 849px\" \/><\/a><\/p>\n<p>(Bild gezeigt von Peter Nengel)<\/p>\n","protected":false},"excerpt":{"rendered":"<p>Hinterhofidylle in Kellen Ein typischer Hinterhof zeigt sich hier Anfang der F\u00fcnfziger auf der Oststrasse in Kellen. Es gab noch &hellip; <a href=\"https:\/\/www.kle-blatt.de\/blog\/kleve-in-foto-video\/hinterhofidylle-in-kellen.html\" class=\"more-link\"><span class=\"more-button\">Weiterlesen<span class=\"screen-reader-text\">Hinterhofidylle in Kellen<\/span><\/span><\/a><\/p>\n","protected":false},"author":2,"featured_media":33294,"comment_status":"closed","ping_status":"closed","sticky":false,"template":"","format":"standard","meta":{"footnotes":""},"categories":[3],"tags":[6036],"class_list":["post-33293","post","type-post","status-publish","format-standard","has-post-thumbnail","hentry","category-kleve-in-foto-video","tag-hinterhofidylle-in-kellen"],"_links":{"self":[{"href":"https:\/\/www.kle-blatt.de\/blog\/wp-json\/wp\/v2\/posts\/33293","targetHints":{"allow":["GET"]}}],"collection":[{"href":"https:\/\/www.kle-blatt.de\/blog\/wp-json\/wp\/v2\/posts"}],"about":[{"href":"https:\/\/www.kle-blatt.de\/blog\/wp-json\/wp\/v2\/types\/post"}],"author":[{"embeddable":true,"href":"https:\/\/www.kle-blatt.de\/blog\/wp-json\/wp\/v2\/users\/2"}],"replies":[{"embeddable":true,"href":"https:\/\/www.kle-blatt.de\/blog\/wp-json\/wp\/v2\/comments?post=33293"}],"version-history":[{"count":1,"href":"https:\/\/www.kle-blatt.de\/blog\/wp-json\/wp\/v2\/posts\/33293\/revisions"}],"predecessor-version":[{"id":33295,"href":"https:\/\/www.kle-blatt.de\/blog\/wp-json\/wp\/v2\/posts\/33293\/revisions\/33295"}],"wp:featuredmedia":[{"embeddable":true,"href":"https:\/\/www.kle-blatt.de\/blog\/wp-json\/wp\/v2\/media\/33294"}],"wp:attachment":[{"href":"https:\/\/www.kle-blatt.de\/blog\/wp-json\/wp\/v2\/media?parent=33293"}],"wp:term":[{"taxonomy":"category","embeddable":true,"href":"https:\/\/www.kle-blatt.de\/blog\/wp-json\/wp\/v2\/categories?post=33293"},{"taxonomy":"post_tag","embeddable":true,"href":"https:\/\/www.kle-blatt.de\/blog\/wp-json\/wp\/v2\/tags?post=33293"}],"curies":[{"name":"wp","href":"https:\/\/api.w.org\/{rel}","templated":true}]}}