{"id":33333,"date":"2024-03-16T06:18:13","date_gmt":"2024-03-16T04:18:13","guid":{"rendered":"https:\/\/www.kle-blatt.de\/blog\/?p=33333"},"modified":"2024-02-07T13:25:00","modified_gmt":"2024-02-07T11:25:00","slug":"ein-blick-ins-damalige-klever-cafe-hunck","status":"publish","type":"post","link":"https:\/\/www.kle-blatt.de\/blog\/kleve-in-foto-video\/ein-blick-ins-damalige-klever-cafe-hunck.html","title":{"rendered":"Ein Blick ins damalige Klever Cafe&#8216; Hunck"},"content":{"rendered":"<p><strong>Ein Blick ins damalige Klever Cafe&#8216; Hunck<\/strong><\/p>\n<p>Ein toller Anblick mit edlem Interieur bietet sich dem Betrachter hier. Neben imposanten Kronleuchtern entdecken wir sch\u00f6ne Gardinen und eine geschmackvolle Einrichtung. Hier konnte man stilvoll und gem\u00fctlich ein T\u00e4sschen Kaffee trinken und ein leckeres St\u00fcck Kuchen verputzen. Wer nicht wei\u00df, wo sich dieses schicke Cafe&#8216; befunden hat:<br \/>\nAktuell kann man dort die Galerie Elbers besuchen.<\/p>\n<p><a href=\"https:\/\/www.kle-blatt.de\/blog\/wp-content\/uploads\/2024\/02\/cafe-hunck1-pn.jpg\"><img loading=\"lazy\" decoding=\"async\" class=\"aligncenter size-full wp-image-33334\" src=\"https:\/\/www.kle-blatt.de\/blog\/wp-content\/uploads\/2024\/02\/cafe-hunck1-pn.jpg\" alt=\"Ein Blick ins damalige Klever Cafe' Hunck\" width=\"850\" height=\"658\" srcset=\"https:\/\/www.kle-blatt.de\/blog\/wp-content\/uploads\/2024\/02\/cafe-hunck1-pn.jpg?v=1707304705 850w, https:\/\/www.kle-blatt.de\/blog\/wp-content\/uploads\/2024\/02\/cafe-hunck1-pn-300x232.jpg?v=1707304705 300w, https:\/\/www.kle-blatt.de\/blog\/wp-content\/uploads\/2024\/02\/cafe-hunck1-pn-768x595.jpg?v=1707304705 768w\" sizes=\"auto, (max-width: 850px) 100vw, 850px\" \/><\/a><\/p>\n<p>(Bild gezeigt von Peter Nengel)<\/p>\n","protected":false},"excerpt":{"rendered":"<p>Ein Blick ins damalige Klever Cafe&#8216; Hunck Ein toller Anblick mit edlem Interieur bietet sich dem Betrachter hier. Neben imposanten &hellip; <a href=\"https:\/\/www.kle-blatt.de\/blog\/kleve-in-foto-video\/ein-blick-ins-damalige-klever-cafe-hunck.html\" class=\"more-link\"><span class=\"more-button\">Weiterlesen<span class=\"screen-reader-text\">Ein Blick ins damalige Klever Cafe&#8216; Hunck<\/span><\/span><\/a><\/p>\n","protected":false},"author":2,"featured_media":33334,"comment_status":"closed","ping_status":"closed","sticky":false,"template":"","format":"standard","meta":{"footnotes":""},"categories":[3],"tags":[6048],"class_list":["post-33333","post","type-post","status-publish","format-standard","has-post-thumbnail","hentry","category-kleve-in-foto-video","tag-ein-blick-ins-damalige-klever-cafe-hunck"],"_links":{"self":[{"href":"https:\/\/www.kle-blatt.de\/blog\/wp-json\/wp\/v2\/posts\/33333","targetHints":{"allow":["GET"]}}],"collection":[{"href":"https:\/\/www.kle-blatt.de\/blog\/wp-json\/wp\/v2\/posts"}],"about":[{"href":"https:\/\/www.kle-blatt.de\/blog\/wp-json\/wp\/v2\/types\/post"}],"author":[{"embeddable":true,"href":"https:\/\/www.kle-blatt.de\/blog\/wp-json\/wp\/v2\/users\/2"}],"replies":[{"embeddable":true,"href":"https:\/\/www.kle-blatt.de\/blog\/wp-json\/wp\/v2\/comments?post=33333"}],"version-history":[{"count":1,"href":"https:\/\/www.kle-blatt.de\/blog\/wp-json\/wp\/v2\/posts\/33333\/revisions"}],"predecessor-version":[{"id":33335,"href":"https:\/\/www.kle-blatt.de\/blog\/wp-json\/wp\/v2\/posts\/33333\/revisions\/33335"}],"wp:featuredmedia":[{"embeddable":true,"href":"https:\/\/www.kle-blatt.de\/blog\/wp-json\/wp\/v2\/media\/33334"}],"wp:attachment":[{"href":"https:\/\/www.kle-blatt.de\/blog\/wp-json\/wp\/v2\/media?parent=33333"}],"wp:term":[{"taxonomy":"category","embeddable":true,"href":"https:\/\/www.kle-blatt.de\/blog\/wp-json\/wp\/v2\/categories?post=33333"},{"taxonomy":"post_tag","embeddable":true,"href":"https:\/\/www.kle-blatt.de\/blog\/wp-json\/wp\/v2\/tags?post=33333"}],"curies":[{"name":"wp","href":"https:\/\/api.w.org\/{rel}","templated":true}]}}