{"id":3335,"date":"2018-05-21T07:10:28","date_gmt":"2018-05-21T05:10:28","guid":{"rendered":"http:\/\/www.kle-blatt.de\/blog\/?p=3335"},"modified":"2018-04-05T11:47:50","modified_gmt":"2018-04-05T09:47:50","slug":"mowen-uber-kleve","status":"publish","type":"post","link":"https:\/\/www.kle-blatt.de\/blog\/allgemein\/mowen-uber-kleve.html","title":{"rendered":"M\u00f6wen-Angriff auf Kleve"},"content":{"rendered":"<p><strong>M\u00f6wen-Angriff auf Kleve<\/strong><\/p>\n<p>Man sieht sie vorwiegend dort, wo Landwirte mit ihren Pfl\u00fcgen die Erde aufw\u00fchlen, hinter Schiffen, die Abfall im Meer entsorgen, aber auch im Forstgarten zu Kleve.<br \/>\nSogar im Film wurde die M\u00f6we &#8222;Jonathan&#8220; bereits verewigt.<br \/>\nFast hat es den Anschein, als h\u00e4tte sie den Schwan als bekanntesten Vogel im Stadtbild l\u00e4ngst abgel\u00f6st.<br \/>\nAlso erh\u00e4lt sie bei uns auch einmal Beachtung, obwohl sie sehr frech daher kommt und beim Entenf\u00fcttern schon mal zur Gewaltt\u00e4tigkeit neigt oder wenn sie die Brotst\u00fcckchen bereits im Flug abf\u00e4ngt.<br \/>\nAchtung auch vor ihren &#8222;Bomben&#8220;, die schon mal einen unansehnlichen Fleck auf der Kleidung hinterlassen k\u00f6nnen, wenn man sie nicht vorher schon mit dem Kopf abgefangen hat. \ud83d\ude42<\/p>\n<p><a href=\"http:\/\/www.kle-blatt.de\/blog\/wp-content\/uploads\/2013\/05\/moewe.jpg\"><img loading=\"lazy\" decoding=\"async\" class=\"alignnone size-full wp-image-3336\" src=\"http:\/\/www.kle-blatt.de\/blog\/wp-content\/uploads\/2013\/05\/moewe.jpg\" alt=\"M\u00f6wen-Angriff auf Kleve\" width=\"849\" height=\"536\" \/><\/a><\/p>\n<p>(Foto: Maro-Fotodesign)<\/p>\n","protected":false},"excerpt":{"rendered":"<p>M\u00f6wen-Angriff auf Kleve Man sieht sie vorwiegend dort, wo Landwirte mit ihren Pfl\u00fcgen die Erde aufw\u00fchlen, hinter Schiffen, die Abfall &hellip; <a href=\"https:\/\/www.kle-blatt.de\/blog\/allgemein\/mowen-uber-kleve.html\" class=\"more-link\"><span class=\"more-button\">Weiterlesen<span class=\"screen-reader-text\">M\u00f6wen-Angriff auf Kleve<\/span><\/span><\/a><\/p>\n","protected":false},"author":2,"featured_media":0,"comment_status":"open","ping_status":"closed","sticky":false,"template":"","format":"standard","meta":{"footnotes":""},"categories":[1,20],"tags":[828,4692],"class_list":["post-3335","post","type-post","status-publish","format-standard","hentry","category-allgemein","category-aus-dem-privatalbum","tag-mowen-uber-kleve","tag-moewen-angriff-auf-kleve"],"_links":{"self":[{"href":"https:\/\/www.kle-blatt.de\/blog\/wp-json\/wp\/v2\/posts\/3335","targetHints":{"allow":["GET"]}}],"collection":[{"href":"https:\/\/www.kle-blatt.de\/blog\/wp-json\/wp\/v2\/posts"}],"about":[{"href":"https:\/\/www.kle-blatt.de\/blog\/wp-json\/wp\/v2\/types\/post"}],"author":[{"embeddable":true,"href":"https:\/\/www.kle-blatt.de\/blog\/wp-json\/wp\/v2\/users\/2"}],"replies":[{"embeddable":true,"href":"https:\/\/www.kle-blatt.de\/blog\/wp-json\/wp\/v2\/comments?post=3335"}],"version-history":[{"count":0,"href":"https:\/\/www.kle-blatt.de\/blog\/wp-json\/wp\/v2\/posts\/3335\/revisions"}],"wp:attachment":[{"href":"https:\/\/www.kle-blatt.de\/blog\/wp-json\/wp\/v2\/media?parent=3335"}],"wp:term":[{"taxonomy":"category","embeddable":true,"href":"https:\/\/www.kle-blatt.de\/blog\/wp-json\/wp\/v2\/categories?post=3335"},{"taxonomy":"post_tag","embeddable":true,"href":"https:\/\/www.kle-blatt.de\/blog\/wp-json\/wp\/v2\/tags?post=3335"}],"curies":[{"name":"wp","href":"https:\/\/api.w.org\/{rel}","templated":true}]}}