{"id":33450,"date":"2024-04-05T06:43:15","date_gmt":"2024-04-05T04:43:15","guid":{"rendered":"https:\/\/www.kle-blatt.de\/blog\/?p=33450"},"modified":"2024-03-04T13:47:09","modified_gmt":"2024-03-04T11:47:09","slug":"die-alte-laterne-am-marstall","status":"publish","type":"post","link":"https:\/\/www.kle-blatt.de\/blog\/kleve-in-foto-video\/die-alte-laterne-am-marstall.html","title":{"rendered":"Die alte Laterne am Marstall"},"content":{"rendered":"<p><strong>Die alte Laterne am Marstall<\/strong><\/p>\n<p>Wir sehen sie hier rechts am Bildrand. Sowas d\u00fcrfte heutzutage wieder beliebt sein. Der Kurf\u00fcrst stand mit seinem Pferd noch nicht an diesem Ort. Die Stiftskirche hatte ihre T\u00fcrme noch nicht.<\/p>\n<p><a href=\"https:\/\/www.kle-blatt.de\/blog\/wp-content\/uploads\/2024\/03\/marstall-pn.jpg\"><img loading=\"lazy\" decoding=\"async\" class=\"aligncenter size-full wp-image-33451\" src=\"https:\/\/www.kle-blatt.de\/blog\/wp-content\/uploads\/2024\/03\/marstall-pn.jpg\" alt=\"Die alte Laterne am Marstall\" width=\"849\" height=\"588\" srcset=\"https:\/\/www.kle-blatt.de\/blog\/wp-content\/uploads\/2024\/03\/marstall-pn.jpg?v=1709552639 849w, https:\/\/www.kle-blatt.de\/blog\/wp-content\/uploads\/2024\/03\/marstall-pn-300x208.jpg?v=1709552639 300w, https:\/\/www.kle-blatt.de\/blog\/wp-content\/uploads\/2024\/03\/marstall-pn-768x532.jpg?v=1709552639 768w\" sizes=\"auto, (max-width: 849px) 100vw, 849px\" \/><\/a><\/p>\n","protected":false},"excerpt":{"rendered":"<p>Die alte Laterne am Marstall Wir sehen sie hier rechts am Bildrand. Sowas d\u00fcrfte heutzutage wieder beliebt sein. Der Kurf\u00fcrst &hellip; <a href=\"https:\/\/www.kle-blatt.de\/blog\/kleve-in-foto-video\/die-alte-laterne-am-marstall.html\" class=\"more-link\"><span class=\"more-button\">Weiterlesen<span class=\"screen-reader-text\">Die alte Laterne am Marstall<\/span><\/span><\/a><\/p>\n","protected":false},"author":2,"featured_media":33451,"comment_status":"closed","ping_status":"closed","sticky":false,"template":"","format":"standard","meta":{"footnotes":""},"categories":[3],"tags":[6080],"class_list":["post-33450","post","type-post","status-publish","format-standard","has-post-thumbnail","hentry","category-kleve-in-foto-video","tag-die-alte-laterne-am-marstall"],"_links":{"self":[{"href":"https:\/\/www.kle-blatt.de\/blog\/wp-json\/wp\/v2\/posts\/33450","targetHints":{"allow":["GET"]}}],"collection":[{"href":"https:\/\/www.kle-blatt.de\/blog\/wp-json\/wp\/v2\/posts"}],"about":[{"href":"https:\/\/www.kle-blatt.de\/blog\/wp-json\/wp\/v2\/types\/post"}],"author":[{"embeddable":true,"href":"https:\/\/www.kle-blatt.de\/blog\/wp-json\/wp\/v2\/users\/2"}],"replies":[{"embeddable":true,"href":"https:\/\/www.kle-blatt.de\/blog\/wp-json\/wp\/v2\/comments?post=33450"}],"version-history":[{"count":1,"href":"https:\/\/www.kle-blatt.de\/blog\/wp-json\/wp\/v2\/posts\/33450\/revisions"}],"predecessor-version":[{"id":33452,"href":"https:\/\/www.kle-blatt.de\/blog\/wp-json\/wp\/v2\/posts\/33450\/revisions\/33452"}],"wp:featuredmedia":[{"embeddable":true,"href":"https:\/\/www.kle-blatt.de\/blog\/wp-json\/wp\/v2\/media\/33451"}],"wp:attachment":[{"href":"https:\/\/www.kle-blatt.de\/blog\/wp-json\/wp\/v2\/media?parent=33450"}],"wp:term":[{"taxonomy":"category","embeddable":true,"href":"https:\/\/www.kle-blatt.de\/blog\/wp-json\/wp\/v2\/categories?post=33450"},{"taxonomy":"post_tag","embeddable":true,"href":"https:\/\/www.kle-blatt.de\/blog\/wp-json\/wp\/v2\/tags?post=33450"}],"curies":[{"name":"wp","href":"https:\/\/api.w.org\/{rel}","templated":true}]}}