{"id":33456,"date":"2024-04-09T05:57:40","date_gmt":"2024-04-09T03:57:40","guid":{"rendered":"https:\/\/www.kle-blatt.de\/blog\/?p=33456"},"modified":"2024-03-04T14:03:33","modified_gmt":"2024-03-04T12:03:33","slug":"live-musik-bei-berg-tal","status":"publish","type":"post","link":"https:\/\/www.kle-blatt.de\/blog\/kleve-in-foto-video\/live-musik-bei-berg-tal.html","title":{"rendered":"Live-Musik bei Berg &#038; Tal"},"content":{"rendered":"<p><strong>Live-Musik bei Berg &amp; Tal<\/strong><\/p>\n<p>Nun &#8211; zu Zeiten dieses Fotos hie\u00df die Pension noch Hotel Sonderkamp &#8211; Berg und Thal. Auf der tollen \u00fcberdachten Terrasse hat es sich eine Musikkapelle gem\u00fctlich gemacht. In Ermangelung von Zuschauern muss man davon ausgehen, dass es sich um einen lauten &#8222;Lockruf&#8220; f\u00fcr potentielle G\u00e4ste handelte oder man \u00fcbte hier einige St\u00fccke ein. Wer wei\u00df das noch?<\/p>\n<p><a href=\"https:\/\/www.kle-blatt.de\/blog\/wp-content\/uploads\/2024\/03\/sonderkamp.jpg\"><img loading=\"lazy\" decoding=\"async\" class=\"aligncenter size-full wp-image-33457\" src=\"https:\/\/www.kle-blatt.de\/blog\/wp-content\/uploads\/2024\/03\/sonderkamp.jpg\" alt=\"Live-Musik bei Berg &amp; Tal\" width=\"850\" height=\"567\" srcset=\"https:\/\/www.kle-blatt.de\/blog\/wp-content\/uploads\/2024\/03\/sonderkamp.jpg?v=1709553523 850w, https:\/\/www.kle-blatt.de\/blog\/wp-content\/uploads\/2024\/03\/sonderkamp-300x200.jpg?v=1709553523 300w, https:\/\/www.kle-blatt.de\/blog\/wp-content\/uploads\/2024\/03\/sonderkamp-768x512.jpg?v=1709553523 768w, https:\/\/www.kle-blatt.de\/blog\/wp-content\/uploads\/2024\/03\/sonderkamp-640x427.jpg?v=1709553523 640w, https:\/\/www.kle-blatt.de\/blog\/wp-content\/uploads\/2024\/03\/sonderkamp-680x453.jpg?v=1709553523 680w, https:\/\/www.kle-blatt.de\/blog\/wp-content\/uploads\/2024\/03\/sonderkamp-79x53.jpg?v=1709553523 79w\" sizes=\"auto, (max-width: 850px) 100vw, 850px\" \/><\/a><\/p>\n","protected":false},"excerpt":{"rendered":"<p>Live-Musik bei Berg &amp; Tal Nun &#8211; zu Zeiten dieses Fotos hie\u00df die Pension noch Hotel Sonderkamp &#8211; Berg und &hellip; <a href=\"https:\/\/www.kle-blatt.de\/blog\/kleve-in-foto-video\/live-musik-bei-berg-tal.html\" class=\"more-link\"><span class=\"more-button\">Weiterlesen<span class=\"screen-reader-text\">Live-Musik bei Berg &#038; Tal<\/span><\/span><\/a><\/p>\n","protected":false},"author":2,"featured_media":33457,"comment_status":"closed","ping_status":"closed","sticky":false,"template":"","format":"standard","meta":{"footnotes":""},"categories":[3],"tags":[6082],"class_list":["post-33456","post","type-post","status-publish","format-standard","has-post-thumbnail","hentry","category-kleve-in-foto-video","tag-live-musik-bei-berg-tal"],"_links":{"self":[{"href":"https:\/\/www.kle-blatt.de\/blog\/wp-json\/wp\/v2\/posts\/33456","targetHints":{"allow":["GET"]}}],"collection":[{"href":"https:\/\/www.kle-blatt.de\/blog\/wp-json\/wp\/v2\/posts"}],"about":[{"href":"https:\/\/www.kle-blatt.de\/blog\/wp-json\/wp\/v2\/types\/post"}],"author":[{"embeddable":true,"href":"https:\/\/www.kle-blatt.de\/blog\/wp-json\/wp\/v2\/users\/2"}],"replies":[{"embeddable":true,"href":"https:\/\/www.kle-blatt.de\/blog\/wp-json\/wp\/v2\/comments?post=33456"}],"version-history":[{"count":1,"href":"https:\/\/www.kle-blatt.de\/blog\/wp-json\/wp\/v2\/posts\/33456\/revisions"}],"predecessor-version":[{"id":33458,"href":"https:\/\/www.kle-blatt.de\/blog\/wp-json\/wp\/v2\/posts\/33456\/revisions\/33458"}],"wp:featuredmedia":[{"embeddable":true,"href":"https:\/\/www.kle-blatt.de\/blog\/wp-json\/wp\/v2\/media\/33457"}],"wp:attachment":[{"href":"https:\/\/www.kle-blatt.de\/blog\/wp-json\/wp\/v2\/media?parent=33456"}],"wp:term":[{"taxonomy":"category","embeddable":true,"href":"https:\/\/www.kle-blatt.de\/blog\/wp-json\/wp\/v2\/categories?post=33456"},{"taxonomy":"post_tag","embeddable":true,"href":"https:\/\/www.kle-blatt.de\/blog\/wp-json\/wp\/v2\/tags?post=33456"}],"curies":[{"name":"wp","href":"https:\/\/api.w.org\/{rel}","templated":true}]}}