{"id":33468,"date":"2024-04-02T06:20:18","date_gmt":"2024-04-02T04:20:18","guid":{"rendered":"https:\/\/www.kle-blatt.de\/blog\/?p=33468"},"modified":"2024-03-04T15:26:20","modified_gmt":"2024-03-04T13:26:20","slug":"cafe-lenkewitz-am-efeuturm","status":"publish","type":"post","link":"https:\/\/www.kle-blatt.de\/blog\/kleve-in-foto-video\/cafe-lenkewitz-am-efeuturm.html","title":{"rendered":"Cafe&#8216; Lenkewitz am Efeuturm"},"content":{"rendered":"<p><strong>Cafe&#8216; Lenkewitz am Efeuturm<\/strong><\/p>\n<p>Am Geb\u00e4ude selbst hat sich im Laufe der vielen Jahre nicht wirklich was ver\u00e4ndert. Klar, der Efeuturm wurde von seinem Wildwuchs befreit, die Kavariner ist Fu\u00dfg\u00e4ngerzone, die Inhaber haben etliche Male gewechselt und der Koekkoekplatz wurde anders gestaltet. Aber ansonsten kennt man das noch wie fr\u00fcher.<\/p>\n<p><a href=\"https:\/\/www.kle-blatt.de\/blog\/wp-content\/uploads\/2024\/03\/lenkewitz-pn.jpg\"><img loading=\"lazy\" decoding=\"async\" class=\"aligncenter size-full wp-image-33469\" src=\"https:\/\/www.kle-blatt.de\/blog\/wp-content\/uploads\/2024\/03\/lenkewitz-pn.jpg\" alt=\"Cafe' Lenkewitz am Efeuturm\" width=\"850\" height=\"560\" srcset=\"https:\/\/www.kle-blatt.de\/blog\/wp-content\/uploads\/2024\/03\/lenkewitz-pn.jpg?v=1709558463 850w, https:\/\/www.kle-blatt.de\/blog\/wp-content\/uploads\/2024\/03\/lenkewitz-pn-300x198.jpg?v=1709558463 300w, https:\/\/www.kle-blatt.de\/blog\/wp-content\/uploads\/2024\/03\/lenkewitz-pn-768x506.jpg?v=1709558463 768w, https:\/\/www.kle-blatt.de\/blog\/wp-content\/uploads\/2024\/03\/lenkewitz-pn-79x53.jpg?v=1709558463 79w\" sizes=\"auto, (max-width: 850px) 100vw, 850px\" \/><\/a><br \/>\n(Bild gezeigt von Peter Nengel)<\/p>\n","protected":false},"excerpt":{"rendered":"<p>Cafe&#8216; Lenkewitz am Efeuturm Am Geb\u00e4ude selbst hat sich im Laufe der vielen Jahre nicht wirklich was ver\u00e4ndert. Klar, der &hellip; <a href=\"https:\/\/www.kle-blatt.de\/blog\/kleve-in-foto-video\/cafe-lenkewitz-am-efeuturm.html\" class=\"more-link\"><span class=\"more-button\">Weiterlesen<span class=\"screen-reader-text\">Cafe&#8216; Lenkewitz am Efeuturm<\/span><\/span><\/a><\/p>\n","protected":false},"author":2,"featured_media":33469,"comment_status":"closed","ping_status":"closed","sticky":false,"template":"","format":"standard","meta":{"footnotes":""},"categories":[3],"tags":[6086],"class_list":["post-33468","post","type-post","status-publish","format-standard","has-post-thumbnail","hentry","category-kleve-in-foto-video","tag-cafe-lenkewitz-am-efeuturm"],"_links":{"self":[{"href":"https:\/\/www.kle-blatt.de\/blog\/wp-json\/wp\/v2\/posts\/33468","targetHints":{"allow":["GET"]}}],"collection":[{"href":"https:\/\/www.kle-blatt.de\/blog\/wp-json\/wp\/v2\/posts"}],"about":[{"href":"https:\/\/www.kle-blatt.de\/blog\/wp-json\/wp\/v2\/types\/post"}],"author":[{"embeddable":true,"href":"https:\/\/www.kle-blatt.de\/blog\/wp-json\/wp\/v2\/users\/2"}],"replies":[{"embeddable":true,"href":"https:\/\/www.kle-blatt.de\/blog\/wp-json\/wp\/v2\/comments?post=33468"}],"version-history":[{"count":1,"href":"https:\/\/www.kle-blatt.de\/blog\/wp-json\/wp\/v2\/posts\/33468\/revisions"}],"predecessor-version":[{"id":33470,"href":"https:\/\/www.kle-blatt.de\/blog\/wp-json\/wp\/v2\/posts\/33468\/revisions\/33470"}],"wp:featuredmedia":[{"embeddable":true,"href":"https:\/\/www.kle-blatt.de\/blog\/wp-json\/wp\/v2\/media\/33469"}],"wp:attachment":[{"href":"https:\/\/www.kle-blatt.de\/blog\/wp-json\/wp\/v2\/media?parent=33468"}],"wp:term":[{"taxonomy":"category","embeddable":true,"href":"https:\/\/www.kle-blatt.de\/blog\/wp-json\/wp\/v2\/categories?post=33468"},{"taxonomy":"post_tag","embeddable":true,"href":"https:\/\/www.kle-blatt.de\/blog\/wp-json\/wp\/v2\/tags?post=33468"}],"curies":[{"name":"wp","href":"https:\/\/api.w.org\/{rel}","templated":true}]}}