{"id":33502,"date":"2024-04-10T05:59:11","date_gmt":"2024-04-10T03:59:11","guid":{"rendered":"https:\/\/www.kle-blatt.de\/blog\/?p=33502"},"modified":"2024-03-07T12:04:19","modified_gmt":"2024-03-07T10:04:19","slug":"klever-fruehling-in-den-fuenfzigern","status":"publish","type":"post","link":"https:\/\/www.kle-blatt.de\/blog\/kleve-in-foto-video\/klever-fruehling-in-den-fuenfzigern.html","title":{"rendered":"Klever Fr\u00fchling in den F\u00fcnfzigern"},"content":{"rendered":"<p><strong>Klever Fr\u00fchling in den F\u00fcnfzigern<\/strong><\/p>\n<p>\u00dcppig bewachsene B\u00e4ume und Str\u00e4ucher in voller Pracht und Bl\u00fcte sieht man hier auf einer Ansichtskarte aus dem Jahre 1957. Da war f\u00fcr viele die Natur noch in Ordnung. Von Umweltverschmutzung hatte man noch nicht allzuviel geh\u00f6rt und der Klimawandel w\u00e4re hier h\u00f6chstens mit dem Wechsel der Jahreszeiten gleichgestellt worden.<\/p>\n<p><a href=\"https:\/\/www.kle-blatt.de\/blog\/wp-content\/uploads\/2024\/03\/ansichtskarte-1957-1.jpg\"><img loading=\"lazy\" decoding=\"async\" class=\"aligncenter size-full wp-image-33503\" src=\"https:\/\/www.kle-blatt.de\/blog\/wp-content\/uploads\/2024\/03\/ansichtskarte-1957-1.jpg\" alt=\"Klever Fr\u00fchling in den F\u00fcnfzigern\" width=\"850\" height=\"579\" srcset=\"https:\/\/www.kle-blatt.de\/blog\/wp-content\/uploads\/2024\/03\/ansichtskarte-1957-1.jpg?v=1709805568 850w, https:\/\/www.kle-blatt.de\/blog\/wp-content\/uploads\/2024\/03\/ansichtskarte-1957-1-300x204.jpg?v=1709805568 300w, https:\/\/www.kle-blatt.de\/blog\/wp-content\/uploads\/2024\/03\/ansichtskarte-1957-1-768x523.jpg?v=1709805568 768w, https:\/\/www.kle-blatt.de\/blog\/wp-content\/uploads\/2024\/03\/ansichtskarte-1957-1-79x53.jpg?v=1709805568 79w\" sizes=\"auto, (max-width: 850px) 100vw, 850px\" \/><\/a><\/p>\n","protected":false},"excerpt":{"rendered":"<p>Klever Fr\u00fchling in den F\u00fcnfzigern \u00dcppig bewachsene B\u00e4ume und Str\u00e4ucher in voller Pracht und Bl\u00fcte sieht man hier auf einer &hellip; <a href=\"https:\/\/www.kle-blatt.de\/blog\/kleve-in-foto-video\/klever-fruehling-in-den-fuenfzigern.html\" class=\"more-link\"><span class=\"more-button\">Weiterlesen<span class=\"screen-reader-text\">Klever Fr\u00fchling in den F\u00fcnfzigern<\/span><\/span><\/a><\/p>\n","protected":false},"author":2,"featured_media":33503,"comment_status":"closed","ping_status":"closed","sticky":false,"template":"","format":"standard","meta":{"footnotes":""},"categories":[3],"tags":[6097],"class_list":["post-33502","post","type-post","status-publish","format-standard","has-post-thumbnail","hentry","category-kleve-in-foto-video","tag-klever-fruehling-in-den-fuenfzigern"],"_links":{"self":[{"href":"https:\/\/www.kle-blatt.de\/blog\/wp-json\/wp\/v2\/posts\/33502","targetHints":{"allow":["GET"]}}],"collection":[{"href":"https:\/\/www.kle-blatt.de\/blog\/wp-json\/wp\/v2\/posts"}],"about":[{"href":"https:\/\/www.kle-blatt.de\/blog\/wp-json\/wp\/v2\/types\/post"}],"author":[{"embeddable":true,"href":"https:\/\/www.kle-blatt.de\/blog\/wp-json\/wp\/v2\/users\/2"}],"replies":[{"embeddable":true,"href":"https:\/\/www.kle-blatt.de\/blog\/wp-json\/wp\/v2\/comments?post=33502"}],"version-history":[{"count":1,"href":"https:\/\/www.kle-blatt.de\/blog\/wp-json\/wp\/v2\/posts\/33502\/revisions"}],"predecessor-version":[{"id":33504,"href":"https:\/\/www.kle-blatt.de\/blog\/wp-json\/wp\/v2\/posts\/33502\/revisions\/33504"}],"wp:featuredmedia":[{"embeddable":true,"href":"https:\/\/www.kle-blatt.de\/blog\/wp-json\/wp\/v2\/media\/33503"}],"wp:attachment":[{"href":"https:\/\/www.kle-blatt.de\/blog\/wp-json\/wp\/v2\/media?parent=33502"}],"wp:term":[{"taxonomy":"category","embeddable":true,"href":"https:\/\/www.kle-blatt.de\/blog\/wp-json\/wp\/v2\/categories?post=33502"},{"taxonomy":"post_tag","embeddable":true,"href":"https:\/\/www.kle-blatt.de\/blog\/wp-json\/wp\/v2\/tags?post=33502"}],"curies":[{"name":"wp","href":"https:\/\/api.w.org\/{rel}","templated":true}]}}