{"id":33508,"date":"2024-04-26T06:25:21","date_gmt":"2024-04-26T04:25:21","guid":{"rendered":"https:\/\/www.kle-blatt.de\/blog\/?p=33508"},"modified":"2024-03-07T12:25:55","modified_gmt":"2024-03-07T10:25:55","slug":"die-traurig-unschoene-schlossstrasse","status":"publish","type":"post","link":"https:\/\/www.kle-blatt.de\/blog\/kleve-in-foto-video\/die-traurig-unschoene-schlossstrasse.html","title":{"rendered":"Die traurig-unsch\u00f6ne Schlossstra\u00dfe"},"content":{"rendered":"<p><strong>Die traurig-unsch\u00f6ne Schlossstra\u00dfe<\/strong><\/p>\n<p>Wer meint, fr\u00fcher war alles besser und sch\u00f6ner, der sollte sich dieses \u00e4ltere Bild der Klever Schlossstra\u00dfe mal genauer anschauen.<\/p>\n<p><a href=\"https:\/\/www.kle-blatt.de\/blog\/wp-content\/uploads\/2024\/03\/schlossstrasse-juergen-lalk.jpg\"><img loading=\"lazy\" decoding=\"async\" class=\"aligncenter size-full wp-image-33509\" src=\"https:\/\/www.kle-blatt.de\/blog\/wp-content\/uploads\/2024\/03\/schlossstrasse-juergen-lalk.jpg\" alt=\"Die traurig-unsch\u00f6ne Schlossstra\u00dfe\" width=\"850\" height=\"1243\" srcset=\"https:\/\/www.kle-blatt.de\/blog\/wp-content\/uploads\/2024\/03\/schlossstrasse-juergen-lalk.jpg?v=1709806785 850w, https:\/\/www.kle-blatt.de\/blog\/wp-content\/uploads\/2024\/03\/schlossstrasse-juergen-lalk-205x300.jpg?v=1709806785 205w, https:\/\/www.kle-blatt.de\/blog\/wp-content\/uploads\/2024\/03\/schlossstrasse-juergen-lalk-700x1024.jpg?v=1709806785 700w, https:\/\/www.kle-blatt.de\/blog\/wp-content\/uploads\/2024\/03\/schlossstrasse-juergen-lalk-768x1123.jpg?v=1709806785 768w\" sizes=\"auto, (max-width: 850px) 100vw, 850px\" \/><\/a><br \/>\n(Bild gezeigt von J\u00fcrgen Lalk)<\/p>\n","protected":false},"excerpt":{"rendered":"<p>Die traurig-unsch\u00f6ne Schlossstra\u00dfe Wer meint, fr\u00fcher war alles besser und sch\u00f6ner, der sollte sich dieses \u00e4ltere Bild der Klever Schlossstra\u00dfe &hellip; <a href=\"https:\/\/www.kle-blatt.de\/blog\/kleve-in-foto-video\/die-traurig-unschoene-schlossstrasse.html\" class=\"more-link\"><span class=\"more-button\">Weiterlesen<span class=\"screen-reader-text\">Die traurig-unsch\u00f6ne Schlossstra\u00dfe<\/span><\/span><\/a><\/p>\n","protected":false},"author":2,"featured_media":33509,"comment_status":"closed","ping_status":"closed","sticky":false,"template":"","format":"standard","meta":{"footnotes":""},"categories":[3],"tags":[],"class_list":["post-33508","post","type-post","status-publish","format-standard","has-post-thumbnail","hentry","category-kleve-in-foto-video"],"_links":{"self":[{"href":"https:\/\/www.kle-blatt.de\/blog\/wp-json\/wp\/v2\/posts\/33508","targetHints":{"allow":["GET"]}}],"collection":[{"href":"https:\/\/www.kle-blatt.de\/blog\/wp-json\/wp\/v2\/posts"}],"about":[{"href":"https:\/\/www.kle-blatt.de\/blog\/wp-json\/wp\/v2\/types\/post"}],"author":[{"embeddable":true,"href":"https:\/\/www.kle-blatt.de\/blog\/wp-json\/wp\/v2\/users\/2"}],"replies":[{"embeddable":true,"href":"https:\/\/www.kle-blatt.de\/blog\/wp-json\/wp\/v2\/comments?post=33508"}],"version-history":[{"count":1,"href":"https:\/\/www.kle-blatt.de\/blog\/wp-json\/wp\/v2\/posts\/33508\/revisions"}],"predecessor-version":[{"id":33512,"href":"https:\/\/www.kle-blatt.de\/blog\/wp-json\/wp\/v2\/posts\/33508\/revisions\/33512"}],"wp:featuredmedia":[{"embeddable":true,"href":"https:\/\/www.kle-blatt.de\/blog\/wp-json\/wp\/v2\/media\/33509"}],"wp:attachment":[{"href":"https:\/\/www.kle-blatt.de\/blog\/wp-json\/wp\/v2\/media?parent=33508"}],"wp:term":[{"taxonomy":"category","embeddable":true,"href":"https:\/\/www.kle-blatt.de\/blog\/wp-json\/wp\/v2\/categories?post=33508"},{"taxonomy":"post_tag","embeddable":true,"href":"https:\/\/www.kle-blatt.de\/blog\/wp-json\/wp\/v2\/tags?post=33508"}],"curies":[{"name":"wp","href":"https:\/\/api.w.org\/{rel}","templated":true}]}}