{"id":33546,"date":"2024-04-08T07:17:47","date_gmt":"2024-04-08T05:17:47","guid":{"rendered":"https:\/\/www.kle-blatt.de\/blog\/?p=33546"},"modified":"2024-03-08T12:23:59","modified_gmt":"2024-03-08T10:23:59","slug":"haus-gnadenthal-foto-oder-gemaelde","status":"publish","type":"post","link":"https:\/\/www.kle-blatt.de\/blog\/kleve-in-foto-video\/haus-gnadenthal-foto-oder-gemaelde.html","title":{"rendered":"Haus Gnadenthal &#8211; Foto oder Gem\u00e4lde?"},"content":{"rendered":"<p><strong>Haus Gnadenthal &#8211; Foto oder Gem\u00e4lde?<\/strong><\/p>\n<p>Das ist beim Anblick auf dieses Bild nicht so einfach festzustellen. Falls es ein Gem\u00e4lde ist, gro\u00dfen Respekt an den Maler f\u00fcr diese realistische Darstellung. Wobei &#8211; die linke Kuh ist gerade beim Fressen, sieht hierdurch aber fast so aus wie ein Nashorn. \ud83d\ude09<\/p>\n<p><a href=\"https:\/\/www.kle-blatt.de\/blog\/wp-content\/uploads\/2024\/03\/gnadenthal-pn.jpg\"><img loading=\"lazy\" decoding=\"async\" class=\"aligncenter size-full wp-image-33547\" src=\"https:\/\/www.kle-blatt.de\/blog\/wp-content\/uploads\/2024\/03\/gnadenthal-pn.jpg\" alt=\"Haus Gnadenthal - Foto oder Gem\u00e4lde?\" width=\"850\" height=\"467\" \/><\/a><br \/>\n(Bild gezeigt von Peter Nengel)<\/p>\n","protected":false},"excerpt":{"rendered":"<p>Haus Gnadenthal &#8211; Foto oder Gem\u00e4lde? Das ist beim Anblick auf dieses Bild nicht so einfach festzustellen. Falls es ein &hellip; <a href=\"https:\/\/www.kle-blatt.de\/blog\/kleve-in-foto-video\/haus-gnadenthal-foto-oder-gemaelde.html\" class=\"more-link\"><span class=\"more-button\">Weiterlesen<span class=\"screen-reader-text\">Haus Gnadenthal &#8211; Foto oder Gem\u00e4lde?<\/span><\/span><\/a><\/p>\n","protected":false},"author":2,"featured_media":33547,"comment_status":"closed","ping_status":"closed","sticky":false,"template":"","format":"standard","meta":{"footnotes":""},"categories":[3],"tags":[6110],"class_list":["post-33546","post","type-post","status-publish","format-standard","has-post-thumbnail","hentry","category-kleve-in-foto-video","tag-haus-gnadenthal-foto-oder-gemaelde"],"_links":{"self":[{"href":"https:\/\/www.kle-blatt.de\/blog\/wp-json\/wp\/v2\/posts\/33546","targetHints":{"allow":["GET"]}}],"collection":[{"href":"https:\/\/www.kle-blatt.de\/blog\/wp-json\/wp\/v2\/posts"}],"about":[{"href":"https:\/\/www.kle-blatt.de\/blog\/wp-json\/wp\/v2\/types\/post"}],"author":[{"embeddable":true,"href":"https:\/\/www.kle-blatt.de\/blog\/wp-json\/wp\/v2\/users\/2"}],"replies":[{"embeddable":true,"href":"https:\/\/www.kle-blatt.de\/blog\/wp-json\/wp\/v2\/comments?post=33546"}],"version-history":[{"count":1,"href":"https:\/\/www.kle-blatt.de\/blog\/wp-json\/wp\/v2\/posts\/33546\/revisions"}],"predecessor-version":[{"id":33548,"href":"https:\/\/www.kle-blatt.de\/blog\/wp-json\/wp\/v2\/posts\/33546\/revisions\/33548"}],"wp:featuredmedia":[{"embeddable":true,"href":"https:\/\/www.kle-blatt.de\/blog\/wp-json\/wp\/v2\/media\/33547"}],"wp:attachment":[{"href":"https:\/\/www.kle-blatt.de\/blog\/wp-json\/wp\/v2\/media?parent=33546"}],"wp:term":[{"taxonomy":"category","embeddable":true,"href":"https:\/\/www.kle-blatt.de\/blog\/wp-json\/wp\/v2\/categories?post=33546"},{"taxonomy":"post_tag","embeddable":true,"href":"https:\/\/www.kle-blatt.de\/blog\/wp-json\/wp\/v2\/tags?post=33546"}],"curies":[{"name":"wp","href":"https:\/\/api.w.org\/{rel}","templated":true}]}}