{"id":33564,"date":"2024-04-27T07:09:39","date_gmt":"2024-04-27T05:09:39","guid":{"rendered":"https:\/\/www.kle-blatt.de\/blog\/?p=33564"},"modified":"2024-03-08T13:15:15","modified_gmt":"2024-03-08T11:15:15","slug":"leute-mitten-auf-der-materborner-allee","status":"publish","type":"post","link":"https:\/\/www.kle-blatt.de\/blog\/kleve-in-foto-video\/leute-mitten-auf-der-materborner-allee.html","title":{"rendered":"Leute mitten auf der Materborner Allee"},"content":{"rendered":"<p><strong>Leute mitten auf der Materborner Allee<\/strong><\/p>\n<p>Zur Zeit, als dieses Foto entstand konnte man sich getrost dort aufhalten. Autos gab es noch nicht soviele und sie k\u00fcndigten sich schon von Weitem an. Man bewegte sich noch in der Hauptsache zu Fu\u00df oder mit dem Fahrrad. In dringenden F\u00e4llen oder aus Bequemlichkeit nahmen die besser Betuchten auch eine Pferdedroschke. Sch\u00f6n, wie z\u00fcchtig sich die vier M\u00e4dchen f\u00fcr den Fotograf in Pose gestellt haben.<\/p>\n<p><a href=\"https:\/\/www.kle-blatt.de\/blog\/wp-content\/uploads\/2024\/03\/materborner-allee.jpg\"><img loading=\"lazy\" decoding=\"async\" class=\"aligncenter size-full wp-image-33565\" src=\"https:\/\/www.kle-blatt.de\/blog\/wp-content\/uploads\/2024\/03\/materborner-allee.jpg\" alt=\"Leute mitten auf der Materborner Allee\" width=\"850\" height=\"549\" srcset=\"https:\/\/www.kle-blatt.de\/blog\/wp-content\/uploads\/2024\/03\/materborner-allee.jpg?v=1709896220 850w, https:\/\/www.kle-blatt.de\/blog\/wp-content\/uploads\/2024\/03\/materborner-allee-300x194.jpg?v=1709896220 300w, https:\/\/www.kle-blatt.de\/blog\/wp-content\/uploads\/2024\/03\/materborner-allee-768x496.jpg?v=1709896220 768w\" sizes=\"auto, (max-width: 850px) 100vw, 850px\" \/><\/a><\/p>\n","protected":false},"excerpt":{"rendered":"<p>Leute mitten auf der Materborner Allee Zur Zeit, als dieses Foto entstand konnte man sich getrost dort aufhalten. Autos gab &hellip; <a href=\"https:\/\/www.kle-blatt.de\/blog\/kleve-in-foto-video\/leute-mitten-auf-der-materborner-allee.html\" class=\"more-link\"><span class=\"more-button\">Weiterlesen<span class=\"screen-reader-text\">Leute mitten auf der Materborner Allee<\/span><\/span><\/a><\/p>\n","protected":false},"author":2,"featured_media":33565,"comment_status":"closed","ping_status":"closed","sticky":false,"template":"","format":"standard","meta":{"footnotes":""},"categories":[3],"tags":[6116],"class_list":["post-33564","post","type-post","status-publish","format-standard","has-post-thumbnail","hentry","category-kleve-in-foto-video","tag-leute-mitten-auf-der-materborner-allee"],"_links":{"self":[{"href":"https:\/\/www.kle-blatt.de\/blog\/wp-json\/wp\/v2\/posts\/33564","targetHints":{"allow":["GET"]}}],"collection":[{"href":"https:\/\/www.kle-blatt.de\/blog\/wp-json\/wp\/v2\/posts"}],"about":[{"href":"https:\/\/www.kle-blatt.de\/blog\/wp-json\/wp\/v2\/types\/post"}],"author":[{"embeddable":true,"href":"https:\/\/www.kle-blatt.de\/blog\/wp-json\/wp\/v2\/users\/2"}],"replies":[{"embeddable":true,"href":"https:\/\/www.kle-blatt.de\/blog\/wp-json\/wp\/v2\/comments?post=33564"}],"version-history":[{"count":1,"href":"https:\/\/www.kle-blatt.de\/blog\/wp-json\/wp\/v2\/posts\/33564\/revisions"}],"predecessor-version":[{"id":33566,"href":"https:\/\/www.kle-blatt.de\/blog\/wp-json\/wp\/v2\/posts\/33564\/revisions\/33566"}],"wp:featuredmedia":[{"embeddable":true,"href":"https:\/\/www.kle-blatt.de\/blog\/wp-json\/wp\/v2\/media\/33565"}],"wp:attachment":[{"href":"https:\/\/www.kle-blatt.de\/blog\/wp-json\/wp\/v2\/media?parent=33564"}],"wp:term":[{"taxonomy":"category","embeddable":true,"href":"https:\/\/www.kle-blatt.de\/blog\/wp-json\/wp\/v2\/categories?post=33564"},{"taxonomy":"post_tag","embeddable":true,"href":"https:\/\/www.kle-blatt.de\/blog\/wp-json\/wp\/v2\/tags?post=33564"}],"curies":[{"name":"wp","href":"https:\/\/api.w.org\/{rel}","templated":true}]}}