{"id":33634,"date":"2024-06-09T06:40:24","date_gmt":"2024-06-09T04:40:24","guid":{"rendered":"https:\/\/www.kle-blatt.de\/blog\/?p=33634"},"modified":"2024-05-04T10:41:08","modified_gmt":"2024-05-04T08:41:08","slug":"der-grosse-kurfuerst-vor-dem-efeuturm","status":"publish","type":"post","link":"https:\/\/www.kle-blatt.de\/blog\/kleve-in-foto-video\/der-grosse-kurfuerst-vor-dem-efeuturm.html","title":{"rendered":"Der Grosse Kurf\u00fcrst vor dem Efeuturm?"},"content":{"rendered":"<p><strong>Der Grosse Kurf\u00fcrst vor dem Efeuturm?<\/strong><\/p>\n<p>Es sieht tats\u00e4chlich so aus, als w\u00fcrde das Reiterstandbild des Kurf\u00fcrsten vor dem Dr.-Arntz-Turm stehen. Dies war auch zu dieser Zeit jedoch nicht der Fall. Der Standort war damals auf dem Kleiner Markt.<\/p>\n<p><a href=\"https:\/\/www.kle-blatt.de\/blog\/wp-content\/uploads\/2024\/03\/kurfuerst-kl-markt.jpg\"><img loading=\"lazy\" decoding=\"async\" class=\"aligncenter size-full wp-image-33635\" src=\"https:\/\/www.kle-blatt.de\/blog\/wp-content\/uploads\/2024\/03\/kurfuerst-kl-markt.jpg\" alt=\"Der Grosse Kurf\u00fcrst vor dem Efeuturm?\" width=\"850\" height=\"1312\" srcset=\"https:\/\/www.kle-blatt.de\/blog\/wp-content\/uploads\/2024\/03\/kurfuerst-kl-markt.jpg?v=1711101921 850w, https:\/\/www.kle-blatt.de\/blog\/wp-content\/uploads\/2024\/03\/kurfuerst-kl-markt-194x300.jpg?v=1711101921 194w, https:\/\/www.kle-blatt.de\/blog\/wp-content\/uploads\/2024\/03\/kurfuerst-kl-markt-663x1024.jpg?v=1711101921 663w, https:\/\/www.kle-blatt.de\/blog\/wp-content\/uploads\/2024\/03\/kurfuerst-kl-markt-768x1185.jpg?v=1711101921 768w\" sizes=\"auto, (max-width: 850px) 100vw, 850px\" \/><\/a><\/p>\n","protected":false},"excerpt":{"rendered":"<p>Der Grosse Kurf\u00fcrst vor dem Efeuturm? Es sieht tats\u00e4chlich so aus, als w\u00fcrde das Reiterstandbild des Kurf\u00fcrsten vor dem Dr.-Arntz-Turm &hellip; <a href=\"https:\/\/www.kle-blatt.de\/blog\/kleve-in-foto-video\/der-grosse-kurfuerst-vor-dem-efeuturm.html\" class=\"more-link\"><span class=\"more-button\">Weiterlesen<span class=\"screen-reader-text\">Der Grosse Kurf\u00fcrst vor dem Efeuturm?<\/span><\/span><\/a><\/p>\n","protected":false},"author":2,"featured_media":33635,"comment_status":"closed","ping_status":"closed","sticky":false,"template":"","format":"standard","meta":{"footnotes":""},"categories":[3],"tags":[6132],"class_list":["post-33634","post","type-post","status-publish","format-standard","has-post-thumbnail","hentry","category-kleve-in-foto-video","tag-der-grosse-kurfuerst-vor-dem-efeuturm"],"_links":{"self":[{"href":"https:\/\/www.kle-blatt.de\/blog\/wp-json\/wp\/v2\/posts\/33634","targetHints":{"allow":["GET"]}}],"collection":[{"href":"https:\/\/www.kle-blatt.de\/blog\/wp-json\/wp\/v2\/posts"}],"about":[{"href":"https:\/\/www.kle-blatt.de\/blog\/wp-json\/wp\/v2\/types\/post"}],"author":[{"embeddable":true,"href":"https:\/\/www.kle-blatt.de\/blog\/wp-json\/wp\/v2\/users\/2"}],"replies":[{"embeddable":true,"href":"https:\/\/www.kle-blatt.de\/blog\/wp-json\/wp\/v2\/comments?post=33634"}],"version-history":[{"count":1,"href":"https:\/\/www.kle-blatt.de\/blog\/wp-json\/wp\/v2\/posts\/33634\/revisions"}],"predecessor-version":[{"id":33636,"href":"https:\/\/www.kle-blatt.de\/blog\/wp-json\/wp\/v2\/posts\/33634\/revisions\/33636"}],"wp:featuredmedia":[{"embeddable":true,"href":"https:\/\/www.kle-blatt.de\/blog\/wp-json\/wp\/v2\/media\/33635"}],"wp:attachment":[{"href":"https:\/\/www.kle-blatt.de\/blog\/wp-json\/wp\/v2\/media?parent=33634"}],"wp:term":[{"taxonomy":"category","embeddable":true,"href":"https:\/\/www.kle-blatt.de\/blog\/wp-json\/wp\/v2\/categories?post=33634"},{"taxonomy":"post_tag","embeddable":true,"href":"https:\/\/www.kle-blatt.de\/blog\/wp-json\/wp\/v2\/tags?post=33634"}],"curies":[{"name":"wp","href":"https:\/\/api.w.org\/{rel}","templated":true}]}}