{"id":33695,"date":"2024-06-01T07:48:50","date_gmt":"2024-06-01T05:48:50","guid":{"rendered":"https:\/\/www.kle-blatt.de\/blog\/?p=33695"},"modified":"2024-05-04T12:50:32","modified_gmt":"2024-05-04T10:50:32","slug":"das-ist-mal-ein-toller-werbetraeger-fuer-kle-blatt","status":"publish","type":"post","link":"https:\/\/www.kle-blatt.de\/blog\/kleve-in-foto-video\/aus-dem-privatalbum\/das-ist-mal-ein-toller-werbetraeger-fuer-kle-blatt.html","title":{"rendered":"Das ist mal ein toller Werbetr\u00e4ger f\u00fcr KLE-Blatt"},"content":{"rendered":"<p><strong>Das ist mal ein toller Werbetr\u00e4ger f\u00fcr KLE-Blatt<\/strong><\/p>\n<p>Wer hat denn die junge Dame schonmal mit ihrem Cabrio durch Kleve fahren gesehen? Sch\u00f6n, dass sie immer mit uns auf der Fahrert\u00fcr f\u00e4hrt. Das passt doch mal gut zusammen.<\/p>\n<p><a href=\"https:\/\/www.kle-blatt.de\/blog\/wp-content\/uploads\/2024\/03\/kle-blatt-8.jpg\"><img loading=\"lazy\" decoding=\"async\" class=\"aligncenter size-full wp-image-33696\" src=\"https:\/\/www.kle-blatt.de\/blog\/wp-content\/uploads\/2024\/03\/kle-blatt-8.jpg\" alt=\"Das ist mal ein toller Werbetr\u00e4ger f\u00fcr KLE-Blatt\" width=\"850\" height=\"850\" srcset=\"https:\/\/www.kle-blatt.de\/blog\/wp-content\/uploads\/2024\/03\/kle-blatt-8.jpg?v=1711545794 1024w, https:\/\/www.kle-blatt.de\/blog\/wp-content\/uploads\/2024\/03\/kle-blatt-8-300x300.jpg?v=1711545794 300w, https:\/\/www.kle-blatt.de\/blog\/wp-content\/uploads\/2024\/03\/kle-blatt-8-150x150.jpg?v=1711545794 150w, https:\/\/www.kle-blatt.de\/blog\/wp-content\/uploads\/2024\/03\/kle-blatt-8-768x768.jpg?v=1711545794 768w, https:\/\/www.kle-blatt.de\/blog\/wp-content\/uploads\/2024\/03\/kle-blatt-8-640x640.jpg?v=1711545794 640w, https:\/\/www.kle-blatt.de\/blog\/wp-content\/uploads\/2024\/03\/kle-blatt-8-100x100.jpg?v=1711545794 100w, https:\/\/www.kle-blatt.de\/blog\/wp-content\/uploads\/2024\/03\/kle-blatt-8-82x82.jpg?v=1711545794 82w\" sizes=\"auto, (max-width: 850px) 100vw, 850px\" \/><\/a><\/p>\n","protected":false},"excerpt":{"rendered":"<p>Das ist mal ein toller Werbetr\u00e4ger f\u00fcr KLE-Blatt Wer hat denn die junge Dame schonmal mit ihrem Cabrio durch Kleve &hellip; <a href=\"https:\/\/www.kle-blatt.de\/blog\/kleve-in-foto-video\/aus-dem-privatalbum\/das-ist-mal-ein-toller-werbetraeger-fuer-kle-blatt.html\" class=\"more-link\"><span class=\"more-button\">Weiterlesen<span class=\"screen-reader-text\">Das ist mal ein toller Werbetr\u00e4ger f\u00fcr KLE-Blatt<\/span><\/span><\/a><\/p>\n","protected":false},"author":2,"featured_media":33696,"comment_status":"closed","ping_status":"closed","sticky":false,"template":"","format":"standard","meta":{"footnotes":""},"categories":[20],"tags":[6153],"class_list":["post-33695","post","type-post","status-publish","format-standard","has-post-thumbnail","hentry","category-aus-dem-privatalbum","tag-das-ist-mal-ein-toller-werbetraeger-fuer-kle-blatt"],"_links":{"self":[{"href":"https:\/\/www.kle-blatt.de\/blog\/wp-json\/wp\/v2\/posts\/33695","targetHints":{"allow":["GET"]}}],"collection":[{"href":"https:\/\/www.kle-blatt.de\/blog\/wp-json\/wp\/v2\/posts"}],"about":[{"href":"https:\/\/www.kle-blatt.de\/blog\/wp-json\/wp\/v2\/types\/post"}],"author":[{"embeddable":true,"href":"https:\/\/www.kle-blatt.de\/blog\/wp-json\/wp\/v2\/users\/2"}],"replies":[{"embeddable":true,"href":"https:\/\/www.kle-blatt.de\/blog\/wp-json\/wp\/v2\/comments?post=33695"}],"version-history":[{"count":1,"href":"https:\/\/www.kle-blatt.de\/blog\/wp-json\/wp\/v2\/posts\/33695\/revisions"}],"predecessor-version":[{"id":33697,"href":"https:\/\/www.kle-blatt.de\/blog\/wp-json\/wp\/v2\/posts\/33695\/revisions\/33697"}],"wp:featuredmedia":[{"embeddable":true,"href":"https:\/\/www.kle-blatt.de\/blog\/wp-json\/wp\/v2\/media\/33696"}],"wp:attachment":[{"href":"https:\/\/www.kle-blatt.de\/blog\/wp-json\/wp\/v2\/media?parent=33695"}],"wp:term":[{"taxonomy":"category","embeddable":true,"href":"https:\/\/www.kle-blatt.de\/blog\/wp-json\/wp\/v2\/categories?post=33695"},{"taxonomy":"post_tag","embeddable":true,"href":"https:\/\/www.kle-blatt.de\/blog\/wp-json\/wp\/v2\/tags?post=33695"}],"curies":[{"name":"wp","href":"https:\/\/api.w.org\/{rel}","templated":true}]}}