{"id":3375,"date":"2025-06-20T07:30:05","date_gmt":"2025-06-20T05:30:05","guid":{"rendered":"http:\/\/www.kle-blatt.de\/blog\/?p=3375"},"modified":"2025-04-14T11:17:27","modified_gmt":"2025-04-14T09:17:27","slug":"ulli-wanders-singt-wenn-die-rosen-wieder-bluhen","status":"publish","type":"post","link":"https:\/\/www.kle-blatt.de\/blog\/kleve-in-foto-video\/aus-dem-privatalbum\/ulli-wanders-singt-wenn-die-rosen-wieder-bluhen.html","title":{"rendered":"Schonmal geh\u00f6rt? Ulli Wanders singt: Wenn die Rosen wieder bl\u00fchen"},"content":{"rendered":"<p><strong>Schonmal geh\u00f6rt? Ulli Wanders singt: Wenn die Rosen wieder bl\u00fchen<\/strong><\/p>\n<p>Die Klever Volksmusik- und Schlagers\u00e4ngerin Ulli Wanders singt hier ein flottes Sommerlied aus der Feder von J.Reintjes und Willi Liffers.<\/p>\n<p><a href=\"https:\/\/www.kle-blatt.de\/blog\/wp-content\/uploads\/2014\/06\/ulli-wanders.jpg\"><img loading=\"lazy\" decoding=\"async\" class=\"size-full wp-image-14992 aligncenter\" src=\"https:\/\/www.kle-blatt.de\/blog\/wp-content\/uploads\/2014\/06\/ulli-wanders.jpg\" alt=\"Schonmal geh\u00f6rt? Ulli Wanders singt: Wenn die Rosen wieder bl\u00fchen\" width=\"850\" height=\"682\" \/><\/a><br \/>\n(Foto: KLE-Blatt)<\/p>\n<p><iframe loading=\"lazy\" src=\"https:\/\/www.youtube.com\/embed\/ekF6JeWdR8s?rel=0\" width=\"850\" height=\"580\" frameborder=\"0\" allowfullscreen=\"allowfullscreen\"><span data-mce-type=\"bookmark\" style=\"display: inline-block; width: 0px; overflow: hidden; line-height: 0;\" class=\"mce_SELRES_start\">\ufeff<\/span><\/iframe><\/p>\n<p>Hier der Text zum Mitsingen:<\/p>\n<p><strong>WENN DIE ROSEN WIEDER BL\u00dcHEN<\/strong><\/p>\n<p><strong>Ich \u00f6ffne das Fenster und staune<\/strong><br \/>\n<strong> Der Morgen ist erwacht<\/strong><br \/>\n<strong> Ein Duft verspr\u00fcht gute Laune<\/strong><br \/>\n<strong> Wenn die Sommersonne lacht<\/strong><\/p>\n<p><strong> Ja wenn die Rosen wieder bl\u00fchen<\/strong><br \/>\n<strong>und Rhodos erwacht<br \/>\nFang ich an zu tr\u00e4umen, m\u00f6chte nichts vers\u00e4umen<br \/>\nin Griechenland<\/strong><br \/>\n<strong>Ja wenn die Rosen wieder bl\u00fchen<\/strong><br \/>\n<strong>und Rhodos erwacht<\/strong><br \/>\n<strong>Beginnt der Zauber, wo stets die Seele lacht<\/strong><\/p>\n<p><strong>Es duftet nach herrlichen Rosen<\/strong><br \/>\n<strong> Sie erstrahlen in ihrer Farbenpracht<\/strong><br \/>\n<strong> Die Sonne bringt sie zum Leuchten<\/strong><br \/>\n<strong> Die Natur hat&#8217;s gut gemacht<\/strong><\/p>\n<p><strong>Ja, wenn die Rosen wieder bl\u00fchen&#8230;<\/strong><\/p>\n<p><strong>Geht die Sonne sp\u00e4t abends unter<\/strong><br \/>\n<strong> Spielt bei Nicos noch die Musik<\/strong><br \/>\n<strong> Dann m\u00f6cht&#8216; ich lang noch nicht heim<\/strong><br \/>\n<strong> So kann es in Griechenland sein<\/strong><\/p>\n<p><strong>Ja wenn die Rosen wieder bl\u00fchen&#8230;<\/strong><\/p>\n","protected":false},"excerpt":{"rendered":"<p>Schonmal geh\u00f6rt? Ulli Wanders singt: Wenn die Rosen wieder bl\u00fchen Die Klever Volksmusik- und Schlagers\u00e4ngerin Ulli Wanders singt hier ein &hellip; <a href=\"https:\/\/www.kle-blatt.de\/blog\/kleve-in-foto-video\/aus-dem-privatalbum\/ulli-wanders-singt-wenn-die-rosen-wieder-bluhen.html\" class=\"more-link\"><span class=\"more-button\">Weiterlesen<span class=\"screen-reader-text\">Schonmal geh\u00f6rt? Ulli Wanders singt: Wenn die Rosen wieder bl\u00fchen<\/span><\/span><\/a><\/p>\n","protected":false},"author":2,"featured_media":14992,"comment_status":"closed","ping_status":"closed","sticky":false,"template":"","format":"standard","meta":{"footnotes":""},"categories":[20,5279],"tags":[833],"class_list":["post-3375","post","type-post","status-publish","format-standard","has-post-thumbnail","hentry","category-aus-dem-privatalbum","category-klever-musik-und-diskoszene","tag-ulli-wanders-singt-wenn-die-rosen-wieder-bluhen"],"_links":{"self":[{"href":"https:\/\/www.kle-blatt.de\/blog\/wp-json\/wp\/v2\/posts\/3375","targetHints":{"allow":["GET"]}}],"collection":[{"href":"https:\/\/www.kle-blatt.de\/blog\/wp-json\/wp\/v2\/posts"}],"about":[{"href":"https:\/\/www.kle-blatt.de\/blog\/wp-json\/wp\/v2\/types\/post"}],"author":[{"embeddable":true,"href":"https:\/\/www.kle-blatt.de\/blog\/wp-json\/wp\/v2\/users\/2"}],"replies":[{"embeddable":true,"href":"https:\/\/www.kle-blatt.de\/blog\/wp-json\/wp\/v2\/comments?post=3375"}],"version-history":[{"count":3,"href":"https:\/\/www.kle-blatt.de\/blog\/wp-json\/wp\/v2\/posts\/3375\/revisions"}],"predecessor-version":[{"id":35347,"href":"https:\/\/www.kle-blatt.de\/blog\/wp-json\/wp\/v2\/posts\/3375\/revisions\/35347"}],"wp:featuredmedia":[{"embeddable":true,"href":"https:\/\/www.kle-blatt.de\/blog\/wp-json\/wp\/v2\/media\/14992"}],"wp:attachment":[{"href":"https:\/\/www.kle-blatt.de\/blog\/wp-json\/wp\/v2\/media?parent=3375"}],"wp:term":[{"taxonomy":"category","embeddable":true,"href":"https:\/\/www.kle-blatt.de\/blog\/wp-json\/wp\/v2\/categories?post=3375"},{"taxonomy":"post_tag","embeddable":true,"href":"https:\/\/www.kle-blatt.de\/blog\/wp-json\/wp\/v2\/tags?post=3375"}],"curies":[{"name":"wp","href":"https:\/\/api.w.org\/{rel}","templated":true}]}}