{"id":33878,"date":"2024-06-14T06:28:20","date_gmt":"2024-06-14T04:28:20","guid":{"rendered":"https:\/\/www.kle-blatt.de\/blog\/?p=33878"},"modified":"2024-05-10T14:33:31","modified_gmt":"2024-05-10T12:33:31","slug":"kleve-gruene-stadt-mit-bunten-booten","status":"publish","type":"post","link":"https:\/\/www.kle-blatt.de\/blog\/kleve-in-foto-video\/kleve-gruene-stadt-mit-bunten-booten.html","title":{"rendered":"Kleve &#8211; gr\u00fcne Stadt mit bunten Booten"},"content":{"rendered":"<p><strong>Kleve &#8211; gr\u00fcne Stadt mit bunten Booten<\/strong><\/p>\n<p>Wer w\u00fcrde diese Aussage nicht best\u00e4tigen bei diesem fantastischen Anblick?<br \/>\nSo sah es am Kermisdahl aus Ende der 80er Jahre. Also werden sich noch zahlreiche Klever:innen und auch G\u00e4ste der Stadt daran erinnern. Ein solches Foto l\u00e4sst sich heutzutage leider nicht mehr schiessen.<\/p>\n<p><a href=\"https:\/\/www.kle-blatt.de\/blog\/wp-content\/uploads\/2024\/05\/karte-kermisdahl-ende-80.jpg\"><img loading=\"lazy\" decoding=\"async\" class=\"aligncenter size-full wp-image-33879\" src=\"https:\/\/www.kle-blatt.de\/blog\/wp-content\/uploads\/2024\/05\/karte-kermisdahl-ende-80.jpg\" alt=\"Kleve - gr\u00fcne Stadt mit bunten Booten\" width=\"850\" height=\"591\" srcset=\"https:\/\/www.kle-blatt.de\/blog\/wp-content\/uploads\/2024\/05\/karte-kermisdahl-ende-80.jpg?v=1715344124 850w, https:\/\/www.kle-blatt.de\/blog\/wp-content\/uploads\/2024\/05\/karte-kermisdahl-ende-80-300x209.jpg?v=1715344124 300w, https:\/\/www.kle-blatt.de\/blog\/wp-content\/uploads\/2024\/05\/karte-kermisdahl-ende-80-768x534.jpg?v=1715344124 768w\" sizes=\"auto, (max-width: 850px) 100vw, 850px\" \/><\/a><\/p>\n","protected":false},"excerpt":{"rendered":"<p>Kleve &#8211; gr\u00fcne Stadt mit bunten Booten Wer w\u00fcrde diese Aussage nicht best\u00e4tigen bei diesem fantastischen Anblick? So sah es &hellip; <a href=\"https:\/\/www.kle-blatt.de\/blog\/kleve-in-foto-video\/kleve-gruene-stadt-mit-bunten-booten.html\" class=\"more-link\"><span class=\"more-button\">Weiterlesen<span class=\"screen-reader-text\">Kleve &#8211; gr\u00fcne Stadt mit bunten Booten<\/span><\/span><\/a><\/p>\n","protected":false},"author":2,"featured_media":33879,"comment_status":"closed","ping_status":"closed","sticky":false,"template":"","format":"standard","meta":{"footnotes":""},"categories":[3],"tags":[6193],"class_list":["post-33878","post","type-post","status-publish","format-standard","has-post-thumbnail","hentry","category-kleve-in-foto-video","tag-kleve-gruene-stadt-mit-bunten-booten"],"_links":{"self":[{"href":"https:\/\/www.kle-blatt.de\/blog\/wp-json\/wp\/v2\/posts\/33878","targetHints":{"allow":["GET"]}}],"collection":[{"href":"https:\/\/www.kle-blatt.de\/blog\/wp-json\/wp\/v2\/posts"}],"about":[{"href":"https:\/\/www.kle-blatt.de\/blog\/wp-json\/wp\/v2\/types\/post"}],"author":[{"embeddable":true,"href":"https:\/\/www.kle-blatt.de\/blog\/wp-json\/wp\/v2\/users\/2"}],"replies":[{"embeddable":true,"href":"https:\/\/www.kle-blatt.de\/blog\/wp-json\/wp\/v2\/comments?post=33878"}],"version-history":[{"count":1,"href":"https:\/\/www.kle-blatt.de\/blog\/wp-json\/wp\/v2\/posts\/33878\/revisions"}],"predecessor-version":[{"id":33880,"href":"https:\/\/www.kle-blatt.de\/blog\/wp-json\/wp\/v2\/posts\/33878\/revisions\/33880"}],"wp:featuredmedia":[{"embeddable":true,"href":"https:\/\/www.kle-blatt.de\/blog\/wp-json\/wp\/v2\/media\/33879"}],"wp:attachment":[{"href":"https:\/\/www.kle-blatt.de\/blog\/wp-json\/wp\/v2\/media?parent=33878"}],"wp:term":[{"taxonomy":"category","embeddable":true,"href":"https:\/\/www.kle-blatt.de\/blog\/wp-json\/wp\/v2\/categories?post=33878"},{"taxonomy":"post_tag","embeddable":true,"href":"https:\/\/www.kle-blatt.de\/blog\/wp-json\/wp\/v2\/tags?post=33878"}],"curies":[{"name":"wp","href":"https:\/\/api.w.org\/{rel}","templated":true}]}}