{"id":34117,"date":"2024-08-24T07:48:36","date_gmt":"2024-08-24T05:48:36","guid":{"rendered":"https:\/\/www.kle-blatt.de\/blog\/?p=34117"},"modified":"2024-07-04T13:54:33","modified_gmt":"2024-07-04T11:54:33","slug":"wer-kann-sich-noch-an-dieses-gebaeude-erinnern","status":"publish","type":"post","link":"https:\/\/www.kle-blatt.de\/blog\/kleve-in-foto-video\/wer-kann-sich-noch-an-dieses-gebaeude-erinnern.html","title":{"rendered":"Wer kann sich noch an dieses Geb\u00e4ude erinnern?"},"content":{"rendered":"<p><strong>Wer kann sich noch an dieses Geb\u00e4ude erinnern?<\/strong><\/p>\n<p>Es wurde l\u00e4ngst abgerissen. Dies geschah nicht mit dem Wohlwollen der Klever Bev\u00f6lkerung. Hier waren zuletzt viele Kinder untergebracht und man nannte es die &#8222;M\u00fcnze&#8220;. Warum? Hier gibt es reichlich Informationen dazu:<\/p>\n<p><a href=\"https:\/\/www.kle-blatt.de\/blog\/?s=die+m%C3%BCnze\"><strong>KLICK MICH!<\/strong><\/a><\/p>\n<p><a href=\"https:\/\/www.kle-blatt.de\/blog\/wp-content\/uploads\/2024\/07\/muenze-egon-janssen-1.jpg\"><img loading=\"lazy\" decoding=\"async\" class=\"aligncenter size-full wp-image-34118\" src=\"https:\/\/www.kle-blatt.de\/blog\/wp-content\/uploads\/2024\/07\/muenze-egon-janssen-1.jpg\" alt=\"Wer kann sich noch an dieses Geb\u00e4ude erinnern?\" width=\"850\" height=\"543\" srcset=\"https:\/\/www.kle-blatt.de\/blog\/wp-content\/uploads\/2024\/07\/muenze-egon-janssen-1.jpg?v=1720093742 850w, https:\/\/www.kle-blatt.de\/blog\/wp-content\/uploads\/2024\/07\/muenze-egon-janssen-1-300x192.jpg?v=1720093742 300w, https:\/\/www.kle-blatt.de\/blog\/wp-content\/uploads\/2024\/07\/muenze-egon-janssen-1-768x491.jpg?v=1720093742 768w\" sizes=\"auto, (max-width: 850px) 100vw, 850px\" \/><\/a><br \/>\n(Bild gezeigt von Egon Janssen)<\/p>\n","protected":false},"excerpt":{"rendered":"<p>Wer kann sich noch an dieses Geb\u00e4ude erinnern? Es wurde l\u00e4ngst abgerissen. Dies geschah nicht mit dem Wohlwollen der Klever &hellip; <a href=\"https:\/\/www.kle-blatt.de\/blog\/kleve-in-foto-video\/wer-kann-sich-noch-an-dieses-gebaeude-erinnern.html\" class=\"more-link\"><span class=\"more-button\">Weiterlesen<span class=\"screen-reader-text\">Wer kann sich noch an dieses Geb\u00e4ude erinnern?<\/span><\/span><\/a><\/p>\n","protected":false},"author":2,"featured_media":34118,"comment_status":"closed","ping_status":"closed","sticky":false,"template":"","format":"standard","meta":{"footnotes":""},"categories":[3],"tags":[6214],"class_list":["post-34117","post","type-post","status-publish","format-standard","has-post-thumbnail","hentry","category-kleve-in-foto-video","tag-wer-kann-sich-noch-an-dieses-gebaeude-erinnern"],"_links":{"self":[{"href":"https:\/\/www.kle-blatt.de\/blog\/wp-json\/wp\/v2\/posts\/34117","targetHints":{"allow":["GET"]}}],"collection":[{"href":"https:\/\/www.kle-blatt.de\/blog\/wp-json\/wp\/v2\/posts"}],"about":[{"href":"https:\/\/www.kle-blatt.de\/blog\/wp-json\/wp\/v2\/types\/post"}],"author":[{"embeddable":true,"href":"https:\/\/www.kle-blatt.de\/blog\/wp-json\/wp\/v2\/users\/2"}],"replies":[{"embeddable":true,"href":"https:\/\/www.kle-blatt.de\/blog\/wp-json\/wp\/v2\/comments?post=34117"}],"version-history":[{"count":1,"href":"https:\/\/www.kle-blatt.de\/blog\/wp-json\/wp\/v2\/posts\/34117\/revisions"}],"predecessor-version":[{"id":34119,"href":"https:\/\/www.kle-blatt.de\/blog\/wp-json\/wp\/v2\/posts\/34117\/revisions\/34119"}],"wp:featuredmedia":[{"embeddable":true,"href":"https:\/\/www.kle-blatt.de\/blog\/wp-json\/wp\/v2\/media\/34118"}],"wp:attachment":[{"href":"https:\/\/www.kle-blatt.de\/blog\/wp-json\/wp\/v2\/media?parent=34117"}],"wp:term":[{"taxonomy":"category","embeddable":true,"href":"https:\/\/www.kle-blatt.de\/blog\/wp-json\/wp\/v2\/categories?post=34117"},{"taxonomy":"post_tag","embeddable":true,"href":"https:\/\/www.kle-blatt.de\/blog\/wp-json\/wp\/v2\/tags?post=34117"}],"curies":[{"name":"wp","href":"https:\/\/api.w.org\/{rel}","templated":true}]}}